{"id":178295,"date":"2025-08-02T12:51:15","date_gmt":"2025-08-02T15:51:15","guid":{"rendered":"https:\/\/cdnoticias.com\/?p=178295"},"modified":"2025-08-02T17:44:45","modified_gmt":"2025-08-02T20:44:45","slug":"el-gobierno-veto-las-leyes-de-jubilaciones-y-discapacidad-y-apuesta-a-bloquear-su-rechazo-en-diputados","status":"publish","type":"post","link":"https:\/\/cdnoticias.com\/index.php\/2025\/08\/02\/el-gobierno-veto-las-leyes-de-jubilaciones-y-discapacidad-y-apuesta-a-bloquear-su-rechazo-en-diputados\/","title":{"rendered":"El Gobierno vet\u00f3 las leyes de jubilaciones y discapacidad y apuesta a bloquear su rechazo en Diputados"},"content":{"rendered":"\n<p>Fue con la firma del Presidente Milei este s\u00e1bado. Se oficializar\u00e1n el lunes en el Bolet\u00edn Oficial, tal como establece la normativa. Ahora la oposici\u00f3n deber\u00e1 juntar los dos tercios de los votos para su insistencia.<\/p>\n\n\n\n<hr class=\"wp-block-separator aligncenter has-alpha-channel-opacity\"\/>\n\n\n\n<p>El presidente <strong>Javier Milei firm\u00f3 este s\u00e1bado los vetos a las leyes aprobadas por el Congreso que contemplaban un aumento a jubilaciones y la declaraci\u00f3n de la emergencia en discapacidad. <\/strong>As\u00ed lo confirmaron fuentes oficiales a la <strong>Agencia Noticias Argentinas.<\/strong> Las decisiones ser\u00e1n publicadas este lunes en el Bolet\u00edn Oficial, dentro de los plazos legales previstos.<\/p>\n\n\n\n<p>Aunque ambas normas fueron votadas a comienzos de julio en el Senado, <strong>el Poder Ejecutivo opt\u00f3 por demorar la formalizaci\u00f3n del veto como parte de una estrategia pol\u00edtica para impedir un pronto tratamiento en la C\u00e1mara de Diputados. La maniobra busca ganar tiempo en medio de negociaciones con gobernadores y bloques parlamentarios aliados, ante el riesgo de que la oposici\u00f3n re\u00fana los dos tercios necesarios para insistir con la sanci\u00f3n de las leyes.<\/strong><\/p>\n\n\n\n<p>La Casa Rosada activ\u00f3 una serie de gestiones para preservar el respaldo legislativo que impida el avance opositor. Los contactos incluyen ofrecimientos de Aportes del Tesoro Nacional (ATN) y acuerdos pol\u00edticos con proyecci\u00f3n electoral, en la previa a los comicios nacionales del 26 de octubre.<\/p>\n\n\n\n<p>Desde el Ejecutivo se sostiene que<strong> ambas leyes resultan \u201cfiscalmente inviables\u201d y contrarias al objetivo de d\u00e9ficit cero que gu\u00eda el ajuste impulsado por la administraci\u00f3n libertaria. <\/strong>Milei ya hab\u00eda adelantado p\u00fablicamente que no convalidar\u00e1 normas que impliquen incrementos del gasto p\u00fablico.<\/p>\n\n\n\n<p>Una de las leyes vetadas,<strong> la nueva f\u00f3rmula de movilidad jubilatoria, contemplaba actualizaciones mensuales combinando inflaci\u00f3n y variaci\u00f3n salarial, y establec\u00eda un piso de aumento superior al esquema vigente por decreto. Fue promovida por bloques de la oposici\u00f3n dialoguista y del peronismo. La otra, referida a discapacidad, declaraba la emergencia en ese sector y buscaba garantizar el acceso a prestaciones, transporte y atenci\u00f3n integral, tras denuncias por recortes y demoras en los pagos.<\/strong><\/p>\n\n\n\n<p>Ahora, <strong>el Congreso podr\u00e1 intentar rechazar el veto si ambas c\u00e1maras re\u00fanen la mayor\u00eda especial.<\/strong> Sin embargo, el oficialismo considera que en Diputados cuenta con mayores chances de frenar ese intento gracias a sus aliados circunstanciales.<\/p>\n\n\n\n<p>Mientras tanto, <strong>crece la tensi\u00f3n con organizaciones que hab\u00edan celebrado la aprobaci\u00f3n de las leyes. Desde distintos sectores ya se anticipan movilizaciones frente al Congreso en caso de no encontrarse una salida que contemple sus demandas.<\/strong><\/p>\n","protected":false},"excerpt":{"rendered":"<p>Fue con la firma del Presidente Milei este s\u00e1bado. Se oficializar\u00e1n el lunes en el Bolet\u00edn Oficial, tal como establece<\/p>\n","protected":false},"author":2,"featured_media":175365,"comment_status":"closed","ping_status":"closed","sticky":false,"template":"","format":"standard","meta":{"_jetpack_memberships_contains_paid_content":false,"footnotes":""},"categories":[6,1],"tags":[],"class_list":["post-178295","post","type-post","status-publish","format-standard","has-post-thumbnail","hentry","category-nacionales","category-portada"],"jetpack_featured_media_url":"https:\/\/i0.wp.com\/cdnoticias.com\/wp-content\/uploads\/2025\/06\/javier-milei-en-la-plata.jpg?fit=630%2C420&ssl=1","jetpack_sharing_enabled":true,"_links":{"self":[{"href":"https:\/\/cdnoticias.com\/index.php\/wp-json\/wp\/v2\/posts\/178295","targetHints":{"allow":["GET"]}}],"collection":[{"href":"https:\/\/cdnoticias.com\/index.php\/wp-json\/wp\/v2\/posts"}],"about":[{"href":"https:\/\/cdnoticias.com\/index.php\/wp-json\/wp\/v2\/types\/post"}],"author":[{"embeddable":true,"href":"https:\/\/cdnoticias.com\/index.php\/wp-json\/wp\/v2\/users\/2"}],"replies":[{"embeddable":true,"href":"https:\/\/cdnoticias.com\/index.php\/wp-json\/wp\/v2\/comments?post=178295"}],"version-history":[{"count":0,"href":"https:\/\/cdnoticias.com\/index.php\/wp-json\/wp\/v2\/posts\/178295\/revisions"}],"wp:featuredmedia":[{"embeddable":true,"href":"https:\/\/cdnoticias.com\/index.php\/wp-json\/wp\/v2\/media\/175365"}],"wp:attachment":[{"href":"https:\/\/cdnoticias.com\/index.php\/wp-json\/wp\/v2\/media?parent=178295"}],"wp:term":[{"taxonomy":"category","embeddable":true,"href":"https:\/\/cdnoticias.com\/index.php\/wp-json\/wp\/v2\/categories?post=178295"},{"taxonomy":"post_tag","embeddable":true,"href":"https:\/\/cdnoticias.com\/index.php\/wp-json\/wp\/v2\/tags?post=178295"}],"curies":[{"name":"wp","href":"https:\/\/api.w.org\/{rel}","templated":true}]}}