{"id":178259,"date":"2025-08-01T20:27:14","date_gmt":"2025-08-01T23:27:14","guid":{"rendered":"https:\/\/cdnoticias.com\/?p=178259"},"modified":"2025-08-04T18:02:07","modified_gmt":"2025-08-04T21:02:07","slug":"el-gobierno-busca-inversores-extranjeros-a-cambio-de-otorgarles-la-ciudadania-argentina","status":"publish","type":"post","link":"https:\/\/cdnoticias.com\/index.php\/2025\/08\/01\/el-gobierno-busca-inversores-extranjeros-a-cambio-de-otorgarles-la-ciudadania-argentina\/","title":{"rendered":"El Gobierno busca inversores extranjeros a cambio de otorgarles la ciudadan\u00eda argentina"},"content":{"rendered":"\n<p>Se anunci\u00f3 este jueves a trav\u00e9s de un decreto publicado en el Bolet\u00edn Oficial. Se les otorgar\u00e1 la ciudadan\u00eda a quienes realicen inversiones que el Ministerio de Econom\u00eda considere \u201crelevantes\u201d.<\/p>\n\n\n\n<hr class=\"wp-block-separator aligncenter has-alpha-channel-opacity\"\/>\n\n\n\n<p>El Gobierno nacional anunci\u00f3 este jueves una nueva medida que busca<strong> flexibilizar las condiciones para los extranjeros que realicen una inversi\u00f3n \u201crelevante\u201d<\/strong> en el pa\u00eds y que <strong>a cambio puedan obtener la ciudadan\u00eda argentina.<\/strong><\/p>\n\n\n\n<p><\/p>\n\n\n\n<p>Mediante el Decreto 524\/2025, publicado en el Bolet\u00edn Oficial y que lleva las firmas del presidente<strong> Javier Milei, <\/strong>el jefe de Gabinete<strong> Guillermo Francos<\/strong> y el ministro de Econom\u00eda, <strong>Luis Caputo,<\/strong> el Gobierno dej\u00f3 oficializada la medida que busca<strong> atraer capitales e inversiones.<\/strong><\/p>\n\n\n\n<p><\/p>\n\n\n\n<p>La decisi\u00f3n del Ejecutivo se conoce el mismo d\u00eda en que<strong> la cotizaci\u00f3n del d\u00f3lar oficial minorista se acelera<\/strong> y estas subidas obligaron al Gobierno a subir la tasa arriba del 60%.<\/p>\n\n\n\n<p><\/p>\n\n\n\n<p>El decreto establece que el tr\u00e1mite estar\u00e1 a cargo de la flamante<strong> Agencia de Programas de Ciudadan\u00eda por Inversi\u00f3n. <\/strong>Se trata de un organismo descentralizado que estar\u00e1 bajo la \u00f3rbita del Ministerio de Econom\u00eda que anunci\u00f3 la nueva norma.<\/p>\n\n\n\n<p><\/p>\n\n\n\n<blockquote class=\"wp-block-quote is-layout-flow wp-block-quote-is-layout-flow\">\n<p>Esta agencia, seg\u00fan el decreto, se ocupar\u00e1 de evaluar las solicitudes de los aspirantes y determinar si las inversiones ofrecidas son o no \u201crelevantes\u201d como para poder llevarse la ciudadan\u00eda argentina. La palabra final la tendr\u00e1 la Direcci\u00f3n Nacional de Migraciones despu\u00e9s de evaluar informes de distintos organismos del Estado y tendr\u00e1 30 d\u00edas para emitir un dictamen.<\/p>\n<\/blockquote>\n\n\n\n<p><\/p>\n\n\n\n<p>Esta <strong>nueva medida es parte de la pol\u00edtica migratoria del gobierno de Javier Milei que busca poner m\u00e1s barreras para la llegada de inmigrantes al pa\u00eds.<\/strong> As\u00ed, en mayo de este a\u00f1o, el Ejecutivo public\u00f3 otro decreto, el 366\/2025, en el que, al contrario de este, se endurec\u00edan los requisitos para conseguir la ciudan\u00eda. Entre los cambios se destacan que<strong> la administraci\u00f3n nacional endurece las deportaciones y el acceso a la ciudadan\u00eda,<\/strong> mientras que habilita el arancelamiento del sistema sanitario y se\u00f1ala que, <strong>si las universidades lo desean, pueden cobrar por el servicio a los extranjeros.<\/strong><\/p>\n\n\n\n<p><\/p>\n\n\n\n<blockquote class=\"wp-block-quote is-layout-flow wp-block-quote-is-layout-flow\">\n<p>Con este nuevo decreto, cualquier persona extranjera est\u00e1 en condiciones de iniciar el tr\u00e1mite, sin importar su tiempo de residencia en el pa\u00eds, siempre que demuestre haber realizado una inversi\u00f3n que para los criterios del Ministerio de Econom\u00eda sea \u201csignificativa\u201d.<\/p>\n<\/blockquote>\n\n\n\n<p><\/p>\n\n\n\n<p>A poco de asumir Milei,<strong> el Gobierno hab\u00eda amenazado con un proyecto para cobrar aranceles a los estudiantes extranjeros que asistan a universidades p\u00fablicas<\/strong>. La iniciativa fue oficializada un d\u00eda despu\u00e9s de la multitudinaria marcha federal que reclam\u00f3 mayores fondos para las universidades y ya hab\u00eda sido contemplada en la Ley Bases, pero<strong> fue retirada durante las negociaciones en el Congreso<\/strong>. Sin embargo, en la mayor\u00eda de las universidades nacionales del pa\u00eds <strong>los extranjeros no pueden estudiar sin ser residentes.<\/strong><\/p>\n\n\n\n<p><\/p>\n\n\n\n<blockquote class=\"wp-block-quote is-layout-flow wp-block-quote-is-layout-flow\">\n<p>Los cambios en la pol\u00edtica migratoria hab\u00eda sido anunciados por el vocero presidencial, Manuel Adorni, en diciembre del a\u00f1o pasado, quien hab\u00eda dicho: \u201cSe van a quedar del otro lado de la frontera quienes intenten entrar con documentaci\u00f3n ap\u00f3crifa o que se sospeche que el motivo de su ingreso es diferente al que efectivamente manifiestan cuando pasan por o hacen el tr\u00e1mite migratorio. Tambi\u00e9n se incorpora una pena de prisi\u00f3n en caso de que el extranjero viole la prohibici\u00f3n de reingreso al pa\u00eds\u201d.<\/p>\n<\/blockquote>\n\n\n\n<p><\/p>\n\n\n\n<p>A principios de este a\u00f1o, el gobernador de Salta, Gustavo S\u00e1enz, anunci\u00f3 que hab\u00eda pedido a la Administraci\u00f3n Nacional del Seguro Social (Anses) que realice un relevamiento para <strong>saber cu\u00e1ntos extranjeros no residentes en el pa\u00eds reciben alg\u00fan plan social en Argentina<\/strong>. El pedido se sum\u00f3 a la decisi\u00f3n del gobierno salte\u00f1o de<strong> cobrar a extranjeros la atenci\u00f3n m\u00e9dica en hospitales p\u00fablicos de la provincia.<\/strong><\/p>\n\n\n\n<p><\/p>\n\n\n\n<p><em>\u201cNo hay que olvidar que ac\u00e1 se hace una cuadra y ya se cruz\u00f3 el pa\u00eds. Y podemos ver en los cajeros de las fronteras las filas de extranjeros cobrando estos beneficios cuando tenemos jubilados que cobran la m\u00ednima, est\u00e1n pasando hambre y no tienen para comprarse los remedios<\/em>\u201d, hab\u00eda dicho entonces S\u00e1enz sobre el pedido a la Anses.<\/p>\n\n\n\n<p><\/p>\n\n\n\n<p>Adem\u00e1s, a lo largo de 2024, cuatro provincias (Salta, Mendoza, Jujuy y Santa Cruz) decidieron comenzar a <strong>cobrar la atenci\u00f3n m\u00e9dica a extranjeros no residentes<\/strong>. En marzo de este a\u00f1o tambi\u00e9n se sum\u00f3 la<strong> Ciudad de Buenos Aires.\u00a0\u00a0<\/strong><\/p>\n\n\n\n<p><\/p>\n\n\n\n<p><em>Fuente: DIB&nbsp;<\/em><\/p>\n","protected":false},"excerpt":{"rendered":"<p>Se anunci\u00f3 este jueves a trav\u00e9s de un decreto publicado en el Bolet\u00edn Oficial. Se les otorgar\u00e1 la ciudadan\u00eda a<\/p>\n","protected":false},"author":6,"featured_media":178261,"comment_status":"closed","ping_status":"closed","sticky":false,"template":"","format":"standard","meta":{"_jetpack_memberships_contains_paid_content":false,"footnotes":""},"categories":[6,1],"tags":[],"class_list":["post-178259","post","type-post","status-publish","format-standard","has-post-thumbnail","hentry","category-nacionales","category-portada"],"jetpack_featured_media_url":"https:\/\/i0.wp.com\/cdnoticias.com\/wp-content\/uploads\/2025\/08\/extranjeros.jpg?fit=696%2C464&ssl=1","jetpack_sharing_enabled":true,"_links":{"self":[{"href":"https:\/\/cdnoticias.com\/index.php\/wp-json\/wp\/v2\/posts\/178259","targetHints":{"allow":["GET"]}}],"collection":[{"href":"https:\/\/cdnoticias.com\/index.php\/wp-json\/wp\/v2\/posts"}],"about":[{"href":"https:\/\/cdnoticias.com\/index.php\/wp-json\/wp\/v2\/types\/post"}],"author":[{"embeddable":true,"href":"https:\/\/cdnoticias.com\/index.php\/wp-json\/wp\/v2\/users\/6"}],"replies":[{"embeddable":true,"href":"https:\/\/cdnoticias.com\/index.php\/wp-json\/wp\/v2\/comments?post=178259"}],"version-history":[{"count":0,"href":"https:\/\/cdnoticias.com\/index.php\/wp-json\/wp\/v2\/posts\/178259\/revisions"}],"wp:featuredmedia":[{"embeddable":true,"href":"https:\/\/cdnoticias.com\/index.php\/wp-json\/wp\/v2\/media\/178261"}],"wp:attachment":[{"href":"https:\/\/cdnoticias.com\/index.php\/wp-json\/wp\/v2\/media?parent=178259"}],"wp:term":[{"taxonomy":"category","embeddable":true,"href":"https:\/\/cdnoticias.com\/index.php\/wp-json\/wp\/v2\/categories?post=178259"},{"taxonomy":"post_tag","embeddable":true,"href":"https:\/\/cdnoticias.com\/index.php\/wp-json\/wp\/v2\/tags?post=178259"}],"curies":[{"name":"wp","href":"https:\/\/api.w.org\/{rel}","templated":true}]}}