{"id":178227,"date":"2025-08-01T17:43:38","date_gmt":"2025-08-01T20:43:38","guid":{"rendered":"https:\/\/cdnoticias.com\/?p=178227"},"modified":"2025-08-01T17:43:40","modified_gmt":"2025-08-01T20:43:40","slug":"la-juventud-de-la-izquierda-se-planta-en-olavarria","status":"publish","type":"post","link":"https:\/\/cdnoticias.com\/index.php\/2025\/08\/01\/la-juventud-de-la-izquierda-se-planta-en-olavarria\/","title":{"rendered":"La juventud de la Izquierda se planta en Olavarr\u00eda"},"content":{"rendered":"<p>El FIT se present\u00f3 con \u201cj\u00f3venes trabajadorxs y estudiantes\u201d como candidatos a concejales y consejeros escolares. Las listas en la provincia.<!--more--><\/p>\n<hr \/>\n<p>Frente al cierre de listas, el <strong>Frente de Izquierda<\/strong> present\u00f3 sus <strong>principales candidaturas en el municipio de Olavarr\u00eda<\/strong> y la Provincia.<\/p>\n<p><strong>Augusto Pav\u00f3n (PTS), estudiante de Trabajo Social<\/strong>, integra la lista de <strong>candidatos a concejales junto a Marcelo Ripoll<\/strong>, docente de escuelas p\u00fablicas de la ciudad, y junto a decenas de trabajadores y luchadores. Augusto sostuvo: <strong>\u201cMilei y sus c\u00f3mplices nos quieren hacer creer que la juventud se volvi\u00f3 de derecha, pero ac\u00e1 estamos demostrando lo contrario.<\/strong> Tenemos el desaf\u00edo en estas elecciones de expresar una alternativa de lxs trabajadorxs, la juventud, lxs jubiladxs y todos los que luchan contra el ajuste del gobierno de Milei. Pero tambi\u00e9n hay que decir que <strong>en nuestra ciudad y en la provincia, Wesner y Kicillof gobiernan con las prioridades invertidas.<\/strong> La plata no va a salarios, salud y educaci\u00f3n, sino a los mismos sectores concentrados de siempre. En nuestra ciudad las empresas multimillonarias que explotan nuestras canteras se llevan toda la riqueza que producen lxs trabajadorxs, nos dejan un desastre ambiental, y los que gobiernan se dedican a sacarle impuestos. Mientras tanto, lxs trabajadorxs de las escuelas p\u00fablicas y el hospital de la ciudad cobran salarios de miseria, les faltan insumos, y<strong> se les hace cada vez m\u00e1s dif\u00edcil garantizar el acceso a los derechos a lxs vecinxs de la ciudad\u201d<\/strong>.<\/p>\n<p><strong>Theo Di Napoli (PTS), estudiante del profesorado de historia en el ISDF n\u00b022<\/strong>, integra junto a estudiantes como Delfina Lo Balbo, C\u00e1mila B\u00e1ez y Juliana S\u00e1nchez, la lista como<strong> candidatxs a consejeros escolares<\/strong>. Theo denunci\u00f3 la realidad de lxs docentes: \u201cen la ciudad y en toda la provincia, <strong>lxs docentes son sobre exigidos y abandonados por el Estado que lxs tiene en situaci\u00f3n de precariedad<\/strong>, con salarios por debajo de la l\u00ednea de pobreza, parte de su salario en bonos no contributivos, jornadas extenuantes y teniendo que movilizarse constantemente de escuela en escuela, con un boleto de colectivo que vale m\u00e1s de $1000. Desde el PTS en el FIT-U <strong>proponemos un aumento de salario urgente para docentes y no docentes, y la implementaci\u00f3n del boleto educativo para lxs trabajadorxs<\/strong>, para garantizar el acceso gratuito a su trabajo. Es una pelea que vamos a dar junto a lxs trabajadorxs que ya vienen exigiendo, con paros y movilizaciones, aumento de salario y mejores condiciones de trabajo\u201d.<\/p>\n<p><strong>Delfina<\/strong> afirm\u00f3 que \u201cel a\u00f1o pasado, lxs estudiantes, junto a toda la comunidad educativa y a distintos sectores de la sociedad, <strong>dejamos bien claro que sobre nuestra educaci\u00f3n p\u00fablica no van a pasar<\/strong>. Lo demostramos en las calles, y en las tomas de m\u00e1s de 100 facultades que hicimos en todo el pa\u00eds. Esa es la fuerza que queremos apoyar y potenciar desde nuestros lugares en la legislatura y concejos deliberantes. Tenemos en claro que <strong>el \u00fanico escudo frente al ajuste de Milei a la salud, la educaci\u00f3n, las jubilaciones, es la pelea en las calles en unidad<\/strong> con todxs lxs que estamos de este lado\u201d.<\/p>\n<p><strong>Camila<\/strong>, por su parte, remarc\u00f3: \u201cDesde la juventud tambi\u00e9n queremos denunciar la <strong>escalada de persecuci\u00f3n y violencia policial hacia los j\u00f3venes de la ciudad<\/strong>, sobre todo de los barrios populares. Exigimos<strong> justicia por Gonzalo Tamame<\/strong>, y por todos los j\u00f3venes que son y somos v\u00edctimas de la violencia policial cotidianamente. Necesitamos una comisi\u00f3n independiente del Estado que investigue lo que pas\u00f3 con la muerte de Gonzalo y fortalecer la pelea en las calles junto a su familia y todxs lxs que queremos enfrentar la violencia policial, para que haya justicia. Nadie se suicida en una comisar\u00eda\u201d.<\/p>\n<p>Ellxs estar\u00e1n acompa\u00f1adxs de <strong>candidatos y candidatas de los otros partidos que integran el FITU<\/strong>: el Partido Obrero, Izquierda Socialista y el Movimiento Socialista de los trabajadores, sosteniendo por m\u00e1s de 14 a\u00f1os la unidad de las principales fuerzas de la izquierda del pa\u00eds. Y llevar\u00e1n en sus listas a decenas de luchadores, trabajadorxs, estudiantes, jubiladxs y referentes de los movimientos en defensa del ambiente, los DDHH, las mujeres y diversidades.<\/p>\n<p><strong>Nicol\u00e1s del Ca\u00f1o<\/strong>, dirigente del Partido de los Trabajadores Socialistas, encabezar\u00e1 la lista de diputados en la Tercera Secci\u00f3n electoral en las elecciones de septiembre de la Provincia. Por la Primera Secci\u00f3n electoral, encabezar\u00e1 <strong>Romina Del Pl\u00e1<\/strong>, docente y referente del Partido Obrero.<\/p>\n<p>Al respecto, Nicol\u00e1s de Ca\u00f1o realiz\u00f3 un llamado a las y los bonaerenses a sumarse a la campa\u00f1a para fortalecer a la \u00fanica oposici\u00f3n que no transa en la legislatura y en los Concejos municipales, a las y los diputados cuyas bancas est\u00e1n al servicio de las necesidades y las peleas de las y los trabajadores, los jubilados y la juventud y en contra de los gobiernos que ajustan al pueblo.<\/p>\n","protected":false},"excerpt":{"rendered":"<p>El FIT se present\u00f3 con \u201cj\u00f3venes trabajadorxs y estudiantes\u201d como candidatos a concejales y consejeros escolares. Las listas en la<\/p>\n","protected":false},"author":4,"featured_media":178228,"comment_status":"closed","ping_status":"closed","sticky":false,"template":"","format":"standard","meta":{"_jetpack_memberships_contains_paid_content":false,"footnotes":""},"categories":[4,1],"tags":[],"class_list":["post-178227","post","type-post","status-publish","format-standard","has-post-thumbnail","hentry","category-politica","category-portada"],"jetpack_featured_media_url":"https:\/\/i0.wp.com\/cdnoticias.com\/wp-content\/uploads\/2025\/08\/PTS-FIT-olavarria-1.jpg?fit=1000%2C556&ssl=1","jetpack_sharing_enabled":true,"_links":{"self":[{"href":"https:\/\/cdnoticias.com\/index.php\/wp-json\/wp\/v2\/posts\/178227","targetHints":{"allow":["GET"]}}],"collection":[{"href":"https:\/\/cdnoticias.com\/index.php\/wp-json\/wp\/v2\/posts"}],"about":[{"href":"https:\/\/cdnoticias.com\/index.php\/wp-json\/wp\/v2\/types\/post"}],"author":[{"embeddable":true,"href":"https:\/\/cdnoticias.com\/index.php\/wp-json\/wp\/v2\/users\/4"}],"replies":[{"embeddable":true,"href":"https:\/\/cdnoticias.com\/index.php\/wp-json\/wp\/v2\/comments?post=178227"}],"version-history":[{"count":0,"href":"https:\/\/cdnoticias.com\/index.php\/wp-json\/wp\/v2\/posts\/178227\/revisions"}],"wp:featuredmedia":[{"embeddable":true,"href":"https:\/\/cdnoticias.com\/index.php\/wp-json\/wp\/v2\/media\/178228"}],"wp:attachment":[{"href":"https:\/\/cdnoticias.com\/index.php\/wp-json\/wp\/v2\/media?parent=178227"}],"wp:term":[{"taxonomy":"category","embeddable":true,"href":"https:\/\/cdnoticias.com\/index.php\/wp-json\/wp\/v2\/categories?post=178227"},{"taxonomy":"post_tag","embeddable":true,"href":"https:\/\/cdnoticias.com\/index.php\/wp-json\/wp\/v2\/tags?post=178227"}],"curies":[{"name":"wp","href":"https:\/\/api.w.org\/{rel}","templated":true}]}}