{"id":178187,"date":"2025-08-03T19:37:37","date_gmt":"2025-08-03T22:37:37","guid":{"rendered":"https:\/\/cdnoticias.com\/?p=178187"},"modified":"2025-08-03T19:37:39","modified_gmt":"2025-08-03T22:37:39","slug":"a-partir-de-este-lunes-la-casa-de-la-cultura-municipal-cambia-de-sede","status":"publish","type":"post","link":"https:\/\/cdnoticias.com\/index.php\/2025\/08\/03\/a-partir-de-este-lunes-la-casa-de-la-cultura-municipal-cambia-de-sede\/","title":{"rendered":"A partir de este lunes, la Casa de la Cultura Municipal cambia de sede\u00a0"},"content":{"rendered":"\n<p>Pasar\u00e1 a funcionar en el edificio ubicado sobre Roque S\u00e1enz Pe\u00f1a 2635, entre Vicente L\u00f3pez y Alsina.&nbsp;<\/p>\n\n\n\n<hr class=\"wp-block-separator aligncenter has-alpha-channel-opacity\"\/>\n\n\n\n<p>A partir del pr\u00f3ximo<strong> lunes 4 de agosto<\/strong> la<strong> Casa de la Cultura cambiar\u00e1 de sitio <\/strong>y <strong>pasar\u00e1 a funcionar en el edificio ubicado sobre Roque S\u00e1enz Pe\u00f1a 2635, entre Vicente L\u00f3pez y Alsina.\u00a0<\/strong><br><\/p>\n\n\n\n<blockquote class=\"wp-block-quote is-layout-flow wp-block-quote-is-layout-flow\">\n<p>Es por este motivo que se encuentra cerrada al p\u00fablico la tradicional sede ubicada en el microcentro local, ya que se est\u00e1 llevando a cabo el traslado de mobiliario.<\/p>\n<\/blockquote>\n\n\n\n<p><\/p>\n\n\n\n<p>Personas interesadas en comunicarse con el \u00e1rea podr\u00e1n acercarse a la <strong>nueva sede a partir del lunes venidero, <\/strong>en el<strong> horario de 7 a 13 horas.<\/strong><\/p>\n\n\n\n<p><\/p>\n","protected":false},"excerpt":{"rendered":"<p>Pasar\u00e1 a funcionar en el edificio ubicado sobre Roque S\u00e1enz Pe\u00f1a 2635, entre Vicente L\u00f3pez y Alsina.&nbsp; A partir del<\/p>\n","protected":false},"author":6,"featured_media":32179,"comment_status":"closed","ping_status":"closed","sticky":false,"template":"","format":"standard","meta":{"_jetpack_memberships_contains_paid_content":false,"footnotes":""},"categories":[5,1],"tags":[],"class_list":["post-178187","post","type-post","status-publish","format-standard","has-post-thumbnail","hentry","category-informacion-general","category-portada"],"jetpack_featured_media_url":"https:\/\/i0.wp.com\/cdnoticias.com\/wp-content\/uploads\/2021\/09\/Casa-de-la-Cultura-1-1024x576.jpeg?fit=1024%2C576&ssl=1","jetpack_sharing_enabled":true,"_links":{"self":[{"href":"https:\/\/cdnoticias.com\/index.php\/wp-json\/wp\/v2\/posts\/178187","targetHints":{"allow":["GET"]}}],"collection":[{"href":"https:\/\/cdnoticias.com\/index.php\/wp-json\/wp\/v2\/posts"}],"about":[{"href":"https:\/\/cdnoticias.com\/index.php\/wp-json\/wp\/v2\/types\/post"}],"author":[{"embeddable":true,"href":"https:\/\/cdnoticias.com\/index.php\/wp-json\/wp\/v2\/users\/6"}],"replies":[{"embeddable":true,"href":"https:\/\/cdnoticias.com\/index.php\/wp-json\/wp\/v2\/comments?post=178187"}],"version-history":[{"count":0,"href":"https:\/\/cdnoticias.com\/index.php\/wp-json\/wp\/v2\/posts\/178187\/revisions"}],"wp:featuredmedia":[{"embeddable":true,"href":"https:\/\/cdnoticias.com\/index.php\/wp-json\/wp\/v2\/media\/32179"}],"wp:attachment":[{"href":"https:\/\/cdnoticias.com\/index.php\/wp-json\/wp\/v2\/media?parent=178187"}],"wp:term":[{"taxonomy":"category","embeddable":true,"href":"https:\/\/cdnoticias.com\/index.php\/wp-json\/wp\/v2\/categories?post=178187"},{"taxonomy":"post_tag","embeddable":true,"href":"https:\/\/cdnoticias.com\/index.php\/wp-json\/wp\/v2\/tags?post=178187"}],"curies":[{"name":"wp","href":"https:\/\/api.w.org\/{rel}","templated":true}]}}