{"id":17818,"date":"2021-04-02T18:49:52","date_gmt":"2021-04-02T21:49:52","guid":{"rendered":"http:\/\/www.centraldenoticias.com.ar\/?p=17818"},"modified":"2021-04-02T18:49:52","modified_gmt":"2021-04-02T21:49:52","slug":"segunda-ola-diferencias-en-medidas-entre-provincia-y-caba","status":"publish","type":"post","link":"https:\/\/cdnoticias.com\/index.php\/2021\/04\/02\/segunda-ola-diferencias-en-medidas-entre-provincia-y-caba\/","title":{"rendered":"Segunda ola: diferencias en medidas entre Provincia y CABA"},"content":{"rendered":"<p>Con una velocidad de contagios \u201cin\u00e9dita\u201d, la segunda ola trajo diferencias de gesti\u00f3n entre Kicillof y Larreta: desde Provincia buscan \u201cendurecer\u201d el aislamiento; desde Ciudad de Buenos Aires \u201cno ven necesario\u201d implementar m\u00e1s medidas.\u00a0<!--more--><\/p>\n<hr \/>\n<p><strong>La segunda ola trajo, adem\u00e1s de una velocidad de crecimiento de casos importante, diferencias a la hora de gestionar el aislamiento.<\/strong> Este s\u00e1bado, aparecieron las primeras discrepancias entre la Provincia y Ciudad de Buenos Aires para tomar medidas en conjunto de cara a lo que viene.<\/p>\n<p>&nbsp;<\/p>\n<blockquote><p>El Gobierno de Axel Kicillof busca consensuar con Naci\u00f3n y Ciudad mayores restricciones y en contrapartida la administraci\u00f3n de Horacio Rodr\u00edguez Larreta se desmarca y afirma que \u201cno ve necesario\u201d que se implementen m\u00e1s medidas.<\/p><\/blockquote>\n<p>&nbsp;<\/p>\n<p><em>\u201cNo vemos que sea necesario tomar nuevas medidas\u201d,<\/em> avis\u00f3 este viernes Felipe Miguel, el jefe de Gabinete porte\u00f1o, en declaraciones a Radio Rivadavia.<\/p>\n<p>&nbsp;<\/p>\n<p><em>\u201cNosotros en la Ciudad no estamos tomando ninguna medida de restricci\u00f3n. Existen algunas medidas que restringen algunas actividades todav\u00eda y algunas otras medidas que a trav\u00e9s de protocolos provocan algunas limitaciones. Pero por encima de eso no vemos que sea necesario tomar alguna medida adicional\u201d,<\/em> plante\u00f3 el funcionario de Larreta.<\/p>\n<p>&nbsp;<\/p>\n<p><strong>En la Provincia, en tanto, vienen avisando sobre la necesidad de tomar mayores medidas restrictivas que permitan frenar la velocidad \u201cin\u00e9dita\u201d con la que se multiplican los contagios<\/strong> y as\u00ed ganar tiempo para avanzar en la vacunaci\u00f3n a la poblaci\u00f3n de riesgo.<\/p>\n<p>&nbsp;<\/p>\n<p>El viceministro de Salud bonaerense, Nicol\u00e1s Kreplak, plante\u00f3 esta semana en declaraciones a Radio Provincia la necesidad de avanzar en medidas consensuadas con Naci\u00f3n y Ciudad, y anticip\u00f3 que la cartera que encabeza junto a Daniel Gollan estudia distintas alternativas que incluyen <strong><em>\u201cdesde posibilidades de las m\u00e1s absolutas y dr\u00e1sticas, hasta algo m\u00e1s intermedio\u201d<\/em>, pero <em>\u201carticuladas\u201d<\/em> entre las tres partes.<\/strong><\/p>\n<p>&nbsp;<\/p>\n<p>Asimismo,<strong> el jefe de asesores de la cartera sanitaria bonaerense, Enio Garc\u00eda<\/strong>, sostuvo que las restricciones tomadas esta semana por la Provincia \u2013l\u00edmite en el horario nocturno y reducci\u00f3n a un m\u00e1ximo de 10 personas las reuniones sociales\u2013 <em>\u201cfuncionaron bien con el aumento de casos de fin de a\u00f1o, pero con este aumento de casos queda chica\u201d.<\/em><\/p>\n","protected":false},"excerpt":{"rendered":"<p>Con una velocidad de contagios \u201cin\u00e9dita\u201d, la segunda ola trajo diferencias de gesti\u00f3n entre Kicillof y Larreta: desde Provincia buscan<\/p>\n","protected":false},"author":2,"featured_media":17819,"comment_status":"closed","ping_status":"closed","sticky":false,"template":"","format":"standard","meta":{"_jetpack_memberships_contains_paid_content":false,"footnotes":""},"categories":[6,1],"tags":[],"class_list":["post-17818","post","type-post","status-publish","format-standard","has-post-thumbnail","hentry","category-nacionales","category-portada"],"jetpack_featured_media_url":"https:\/\/i0.wp.com\/cdnoticias.com\/wp-content\/uploads\/2021\/04\/Kicillof-y-Larreta.jpg?fit=940%2C529&ssl=1","jetpack_sharing_enabled":true,"_links":{"self":[{"href":"https:\/\/cdnoticias.com\/index.php\/wp-json\/wp\/v2\/posts\/17818","targetHints":{"allow":["GET"]}}],"collection":[{"href":"https:\/\/cdnoticias.com\/index.php\/wp-json\/wp\/v2\/posts"}],"about":[{"href":"https:\/\/cdnoticias.com\/index.php\/wp-json\/wp\/v2\/types\/post"}],"author":[{"embeddable":true,"href":"https:\/\/cdnoticias.com\/index.php\/wp-json\/wp\/v2\/users\/2"}],"replies":[{"embeddable":true,"href":"https:\/\/cdnoticias.com\/index.php\/wp-json\/wp\/v2\/comments?post=17818"}],"version-history":[{"count":0,"href":"https:\/\/cdnoticias.com\/index.php\/wp-json\/wp\/v2\/posts\/17818\/revisions"}],"wp:featuredmedia":[{"embeddable":true,"href":"https:\/\/cdnoticias.com\/index.php\/wp-json\/wp\/v2\/media\/17819"}],"wp:attachment":[{"href":"https:\/\/cdnoticias.com\/index.php\/wp-json\/wp\/v2\/media?parent=17818"}],"wp:term":[{"taxonomy":"category","embeddable":true,"href":"https:\/\/cdnoticias.com\/index.php\/wp-json\/wp\/v2\/categories?post=17818"},{"taxonomy":"post_tag","embeddable":true,"href":"https:\/\/cdnoticias.com\/index.php\/wp-json\/wp\/v2\/tags?post=17818"}],"curies":[{"name":"wp","href":"https:\/\/api.w.org\/{rel}","templated":true}]}}