{"id":178054,"date":"2025-07-30T08:41:49","date_gmt":"2025-07-30T11:41:49","guid":{"rendered":"https:\/\/cdnoticias.com\/?p=178054"},"modified":"2025-07-30T11:02:17","modified_gmt":"2025-07-30T14:02:17","slug":"desde-el-domingo-festivales-en-barrios-y-en-localidades-por-el-mes-de-las-infancias","status":"publish","type":"post","link":"https:\/\/cdnoticias.com\/index.php\/2025\/07\/30\/desde-el-domingo-festivales-en-barrios-y-en-localidades-por-el-mes-de-las-infancias\/","title":{"rendered":"Desde el domingo, festivales en barrios y en localidades por el Mes de las Infancias"},"content":{"rendered":"<p>Son organizados desde el Municipio, en conjunto con instituciones intermedias y vecinos y vecinas de todo el Partido. El calendario completo.<!--more--><\/p>\n<hr \/>\n<p>El Municipio de Olavarr\u00eda inform\u00f3 que <strong>el pr\u00f3ximo fin de semana iniciar\u00e1 el calendario de festivales por el Mes de las Infancias<\/strong>, \u201cun cronograma que surge de la labor conjunta de distintas \u00e1reas de la comuna e instituciones intermedias, vecinos y vecinas de todo el Partido. Se trata de<em> una decisi\u00f3n del intendente Maximiliano Wesner que dota a los festejos de impronta m\u00e1s abierta, territorial y con el objetivo de que los ni\u00f1os y ni\u00f1as puedan festejar su d\u00eda en espacios de cercan\u00eda<\/em>\u201d se defini\u00f3.<\/p>\n<p>Es la <strong>segunda edici\u00f3n de un calendario organizado en forma conjunta con las instituciones que conforman cada una de las Mesas de Gesti\u00f3n Territorial<\/strong> de todo el Partido. Adem\u00e1s, se cuenta con la participaci\u00f3n de distintas \u00e1reas, tales como Gesti\u00f3n Territorial, Deportes, Cultura, Protecci\u00f3n Integral de Derechos, Relaciones con la Comunidad, Delegaciones Municipales y Atenci\u00f3n Primaria de la Salud.<\/p>\n<blockquote><p>Es por ello que desde el Municipio se invit\u00f3 a toda la comunidad \u201ca disfrutar de estas jornadas que se desarrollar\u00e1n en distintos puntos del Partido de Olavarr\u00eda, con el prop\u00f3sito de garantizar el acceso y reivindicar el derecho de todas las infancias al juego y a la recreaci\u00f3n\u201d.<\/p><\/blockquote>\n<p>El calendario comenzar\u00e1 <strong>este domingo con dos festivales<\/strong>. Uno se llevar\u00e1 a cabo en el <strong>NIDO del barrio Villa Magdalena<\/strong>, en Necochea 6030, y el restante en el <strong>Paseo del M\u00e1stil \u201cCarlos Medici\u201d en Sierras Bayas<\/strong>. En ambos casos ser\u00e1 en el horario de 14 a 16 horas.<\/p>\n<p>Vale destacar, por \u00faltimo, que este calendario se ofrece <strong>de manera complementaria al tradicional evento por el D\u00eda de las Infancias<\/strong> que se realiza de manera conjunta con MANO para el que <strong>ya se dio a conocer la fecha<\/strong>.<\/p>\n<p><img data-recalc-dims=\"1\" loading=\"lazy\" decoding=\"async\" class=\"alignnone size-full wp-image-123242 aligncenter\" src=\"https:\/\/i0.wp.com\/cdnoticias.com\/wp-content\/uploads\/2024\/08\/InfanciasManoOlavarria-07.jpg?resize=800%2C531&#038;ssl=1\" alt=\"\" width=\"800\" height=\"531\" srcset=\"https:\/\/i0.wp.com\/cdnoticias.com\/wp-content\/uploads\/2024\/08\/InfanciasManoOlavarria-07.jpg?w=1024&amp;ssl=1 1024w, https:\/\/i0.wp.com\/cdnoticias.com\/wp-content\/uploads\/2024\/08\/InfanciasManoOlavarria-07.jpg?resize=300%2C199&amp;ssl=1 300w, https:\/\/i0.wp.com\/cdnoticias.com\/wp-content\/uploads\/2024\/08\/InfanciasManoOlavarria-07.jpg?resize=768%2C510&amp;ssl=1 768w, https:\/\/i0.wp.com\/cdnoticias.com\/wp-content\/uploads\/2024\/08\/InfanciasManoOlavarria-07.jpg?resize=272%2C182&amp;ssl=1 272w\" sizes=\"auto, (max-width: 800px) 100vw, 800px\" \/><\/p>\n<h3>Cronograma 2025<\/h3>\n<ul>\n<li>Domingo 3 de agosto \u2013 14 hs a 16 hs.<\/li>\n<\/ul>\n<p>NIDO Villa Magdalena, Necochea 6030<br \/>\nSierras Bayas, Paseo del m\u00e1stil Carlos Medici<\/p>\n<ul>\n<li>S\u00e1bado 9 de agosto \u2013 14 hs a 16 hs.<\/li>\n<\/ul>\n<p>Sierra Chica, Parque del Skatepark<br \/>\nServicio Municipal Territorial 4, Rufino Fal y Berutti<\/p>\n<ul>\n<li>Domingo 10 de agosto \u2013 14 hs. a 16 hs.<\/li>\n<\/ul>\n<p>NIDO El Progreso, Mitre y Calle 7<br \/>\nBarrio AOMA, Sociedad de Fomento Barrio AOMA<\/p>\n<ul>\n<li>Jueves 14 de agosto \u2013 13: 30 a 15: 30 hs.<\/li>\n<\/ul>\n<p>Santa Luisa<\/p>\n<ul>\n<li>Viernes 15 de agosto \u2013 14 hs a 16 hs.<\/li>\n<\/ul>\n<p>Hinojo, Plaza Almirante Brown<br \/>\nServicio Municipal Territorial 2, Alberdi y Coronel Su\u00e1rez<\/p>\n<ul>\n<li>S\u00e1bado 16 de agosto \u2013 14 hs a 16 hs.<\/li>\n<\/ul>\n<p>Loma Negra, Club Loma Negra<br \/>\nCentro Deportivo y Recreativo Diego Armando Maradona, Emiliozzi 6457<br \/>\nRecalde<\/p>\n<ul>\n<li>S\u00e1bado 23 de agosto 14 hs. a 16 hs.<\/li>\n<\/ul>\n<p>Servicio Municipal Territorial 1, Alberdi y Fassina<br \/>\nColonia Hinojo, Predio Santa Agueda<br \/>\nEspigas<\/p>\n<ul>\n<li>Domingo 24 de agosto \u2013 14 hs. a 16 hs.<\/li>\n<\/ul>\n<p>Colonia San Miguel, Club Independiente<br \/>\nCentro Integrador Comunitario, Santa Fe 601 \u2013 Barrio Facundo Quiroga<\/p>\n<ul>\n<li>Domingo 31 de agosto \u2013 14 a 16 hs.<\/li>\n<\/ul>\n<p>Nicol\u00e1s Avellaneda, Plaza Terrapl\u00e9n y Laprida<\/p>\n<blockquote class=\"wp-embedded-content\" data-secret=\"wKIU6hgO6N\"><p><a href=\"https:\/\/cdnoticias.com\/index.php\/2025\/07\/30\/el-17-de-agosto-sera-el-tradicional-festival-de-las-infancias\/\">El 17 de agosto ser\u00e1 el tradicional Festival de las Infancias<\/a><\/p><\/blockquote>\n<p><iframe loading=\"lazy\" class=\"wp-embedded-content\" sandbox=\"allow-scripts\" security=\"restricted\" style=\"position: absolute; visibility: hidden;\" title=\"&#8220;El 17 de agosto ser\u00e1 el tradicional Festival de las Infancias&#8221; &#8212; Central de Noticias | Olavarr\u00eda\" src=\"https:\/\/cdnoticias.com\/index.php\/2025\/07\/30\/el-17-de-agosto-sera-el-tradicional-festival-de-las-infancias\/embed\/#?secret=VLUj9KWtbz#?secret=wKIU6hgO6N\" data-secret=\"wKIU6hgO6N\" width=\"600\" height=\"338\" frameborder=\"0\" marginwidth=\"0\" marginheight=\"0\" scrolling=\"no\"><\/iframe><\/p>\n","protected":false},"excerpt":{"rendered":"<p>Son organizados desde el Municipio, en conjunto con instituciones intermedias y vecinos y vecinas de todo el Partido. El calendario<\/p>\n","protected":false},"author":4,"featured_media":123228,"comment_status":"closed","ping_status":"closed","sticky":false,"template":"","format":"standard","meta":{"_jetpack_memberships_contains_paid_content":false,"footnotes":""},"categories":[9,1],"tags":[],"class_list":["post-178054","post","type-post","status-publish","format-standard","has-post-thumbnail","hentry","category-cultura","category-portada"],"jetpack_featured_media_url":"https:\/\/i0.wp.com\/cdnoticias.com\/wp-content\/uploads\/2024\/08\/dia-infancias-mano14.jpg?fit=1072%2C597&ssl=1","jetpack_sharing_enabled":true,"_links":{"self":[{"href":"https:\/\/cdnoticias.com\/index.php\/wp-json\/wp\/v2\/posts\/178054","targetHints":{"allow":["GET"]}}],"collection":[{"href":"https:\/\/cdnoticias.com\/index.php\/wp-json\/wp\/v2\/posts"}],"about":[{"href":"https:\/\/cdnoticias.com\/index.php\/wp-json\/wp\/v2\/types\/post"}],"author":[{"embeddable":true,"href":"https:\/\/cdnoticias.com\/index.php\/wp-json\/wp\/v2\/users\/4"}],"replies":[{"embeddable":true,"href":"https:\/\/cdnoticias.com\/index.php\/wp-json\/wp\/v2\/comments?post=178054"}],"version-history":[{"count":0,"href":"https:\/\/cdnoticias.com\/index.php\/wp-json\/wp\/v2\/posts\/178054\/revisions"}],"wp:featuredmedia":[{"embeddable":true,"href":"https:\/\/cdnoticias.com\/index.php\/wp-json\/wp\/v2\/media\/123228"}],"wp:attachment":[{"href":"https:\/\/cdnoticias.com\/index.php\/wp-json\/wp\/v2\/media?parent=178054"}],"wp:term":[{"taxonomy":"category","embeddable":true,"href":"https:\/\/cdnoticias.com\/index.php\/wp-json\/wp\/v2\/categories?post=178054"},{"taxonomy":"post_tag","embeddable":true,"href":"https:\/\/cdnoticias.com\/index.php\/wp-json\/wp\/v2\/tags?post=178054"}],"curies":[{"name":"wp","href":"https:\/\/api.w.org\/{rel}","templated":true}]}}