{"id":178046,"date":"2025-07-29T20:03:50","date_gmt":"2025-07-29T23:03:50","guid":{"rendered":"https:\/\/cdnoticias.com\/?p=178046"},"modified":"2025-07-29T20:03:51","modified_gmt":"2025-07-29T23:03:51","slug":"autoridades-de-leiria-visitaran-olavarria-y-participaran-de-una-charla-en-la-sociedad-portuguesa","status":"publish","type":"post","link":"https:\/\/cdnoticias.com\/index.php\/2025\/07\/29\/autoridades-de-leiria-visitaran-olavarria-y-participaran-de-una-charla-en-la-sociedad-portuguesa\/","title":{"rendered":"Autoridades de Leiria visitar\u00e1n Olavarr\u00eda y participar\u00e1n de una charla en la Sociedad Portuguesa"},"content":{"rendered":"\n<p>El encuentro ser\u00e1 el domingo 3 de agosto en la sede de la instituci\u00f3n. La actividad incluir\u00e1 una exposici\u00f3n a cargo de la antrop\u00f3loga social F\u00e1tima Novo.<\/p>\n\n\n\n<hr class=\"wp-block-separator aligncenter has-alpha-channel-opacity\"\/>\n\n\n\n<p>La<strong> Sociedad Portuguesa de Olavarr\u00eda ser\u00e1 anfitriona el pr\u00f3ximo domingo 3 de agosto de una destacada visita institucional proveniente de Portugal. Autoridades del Municipio de Leiria,<\/strong> ciudad hermanada con Olavarr\u00eda desde 1991, arribar\u00e1n a la ciudad para participar de una jornada informativa y cultural.<\/p>\n\n\n\n<p>El encuentro se desarrollar\u00e1 a partir de las<strong> 16 horas en la sede de la entidad ubicada en 25 de Mayo 3269, con entrada libre y gratuita para toda la comunidad.<\/strong><\/p>\n\n\n\n<p>En ese marco, se ofrecer\u00e1 una charla titulada<em><strong> &#8220;Compromiso y continuidad de la Sociedad Portuguesa en Olavarr\u00eda: censo, representaci\u00f3n institucional y relaci\u00f3n con Leiria&#8221;,<\/strong><\/em> que estar\u00e1 a cargo de la<strong> licenciada en Antropolog\u00eda Social F\u00e1tima Novo.<\/strong><\/p>\n\n\n\n<p>La jornada busca <strong>fortalecer los v\u00ednculos hist\u00f3ricos y culturales entre ambas ciudades, visibilizar el trabajo institucional de la colectividad portuguesa en la regi\u00f3n y promover la memoria y el presente compartido entre Portugal y Argentina.<\/strong> Desde la instituci\u00f3n organizadora invitan a toda la comunidad a sumarse a la propuesta.<\/p>\n","protected":false},"excerpt":{"rendered":"<p>El encuentro ser\u00e1 el domingo 3 de agosto en la sede de la instituci\u00f3n. La actividad incluir\u00e1 una exposici\u00f3n a<\/p>\n","protected":false},"author":2,"featured_media":178047,"comment_status":"closed","ping_status":"closed","sticky":false,"template":"","format":"standard","meta":{"_jetpack_memberships_contains_paid_content":false,"footnotes":""},"categories":[9,1],"tags":[],"class_list":["post-178046","post","type-post","status-publish","format-standard","has-post-thumbnail","hentry","category-cultura","category-portada"],"jetpack_featured_media_url":"https:\/\/i0.wp.com\/cdnoticias.com\/wp-content\/uploads\/2025\/07\/sociedad-portuguesa-e1753830219359.jpg?fit=720%2C362&ssl=1","jetpack_sharing_enabled":true,"_links":{"self":[{"href":"https:\/\/cdnoticias.com\/index.php\/wp-json\/wp\/v2\/posts\/178046","targetHints":{"allow":["GET"]}}],"collection":[{"href":"https:\/\/cdnoticias.com\/index.php\/wp-json\/wp\/v2\/posts"}],"about":[{"href":"https:\/\/cdnoticias.com\/index.php\/wp-json\/wp\/v2\/types\/post"}],"author":[{"embeddable":true,"href":"https:\/\/cdnoticias.com\/index.php\/wp-json\/wp\/v2\/users\/2"}],"replies":[{"embeddable":true,"href":"https:\/\/cdnoticias.com\/index.php\/wp-json\/wp\/v2\/comments?post=178046"}],"version-history":[{"count":0,"href":"https:\/\/cdnoticias.com\/index.php\/wp-json\/wp\/v2\/posts\/178046\/revisions"}],"wp:featuredmedia":[{"embeddable":true,"href":"https:\/\/cdnoticias.com\/index.php\/wp-json\/wp\/v2\/media\/178047"}],"wp:attachment":[{"href":"https:\/\/cdnoticias.com\/index.php\/wp-json\/wp\/v2\/media?parent=178046"}],"wp:term":[{"taxonomy":"category","embeddable":true,"href":"https:\/\/cdnoticias.com\/index.php\/wp-json\/wp\/v2\/categories?post=178046"},{"taxonomy":"post_tag","embeddable":true,"href":"https:\/\/cdnoticias.com\/index.php\/wp-json\/wp\/v2\/tags?post=178046"}],"curies":[{"name":"wp","href":"https:\/\/api.w.org\/{rel}","templated":true}]}}