{"id":178044,"date":"2025-07-29T19:47:14","date_gmt":"2025-07-29T22:47:14","guid":{"rendered":"https:\/\/cdnoticias.com\/?p=178044"},"modified":"2025-07-29T19:47:15","modified_gmt":"2025-07-29T22:47:15","slug":"participacion-maria-celia-rusconi-viuda-de-da-silva-mary-q-e-p-d","status":"publish","type":"post","link":"https:\/\/cdnoticias.com\/index.php\/2025\/07\/29\/participacion-maria-celia-rusconi-viuda-de-da-silva-mary-q-e-p-d\/","title":{"rendered":"PARTICIPACI\u00d3N &#8211; Mar\u00eda Celia Rusconi viuda de Da Silva \u201cMary\u201d (Q.E.P.D.)"},"content":{"rendered":"\n<p>Falleci\u00f3 en Olavarr\u00eda el 29 de julio de 2025 a los 86 a\u00f1os.<\/p>\n\n\n\n<p>La Facultad de Ciencias de la Salud de la Universidad Nacional del Centro de la Provincia de Buenos Aires participa con profundo pesar el fallecimiento de Mar\u00eda Celia Rusconi, madre de Marisol Da Silva, trabajadora Nodocente de nuestra unidad acad\u00e9mica.<\/p>\n\n\n\n<p>Acompa\u00f1amos a Marisol, a su familia y seres queridos en este doloroso momento, expres\u00e1ndoles nuestras m\u00e1s sinceras condolencias.<\/p>\n","protected":false},"excerpt":{"rendered":"<p>Falleci\u00f3 en Olavarr\u00eda el 29 de julio de 2025 a los 86 a\u00f1os. La Facultad de Ciencias de la Salud<\/p>\n","protected":false},"author":2,"featured_media":100390,"comment_status":"closed","ping_status":"closed","sticky":false,"template":"","format":"standard","meta":{"_jetpack_memberships_contains_paid_content":false,"footnotes":""},"categories":[10],"tags":[],"class_list":["post-178044","post","type-post","status-publish","format-standard","has-post-thumbnail","hentry","category-necrologicas"],"jetpack_featured_media_url":"https:\/\/i0.wp.com\/cdnoticias.com\/wp-content\/uploads\/2023\/10\/necrologicas-390-x-240.jpg?fit=390%2C240&ssl=1","jetpack_sharing_enabled":true,"_links":{"self":[{"href":"https:\/\/cdnoticias.com\/index.php\/wp-json\/wp\/v2\/posts\/178044","targetHints":{"allow":["GET"]}}],"collection":[{"href":"https:\/\/cdnoticias.com\/index.php\/wp-json\/wp\/v2\/posts"}],"about":[{"href":"https:\/\/cdnoticias.com\/index.php\/wp-json\/wp\/v2\/types\/post"}],"author":[{"embeddable":true,"href":"https:\/\/cdnoticias.com\/index.php\/wp-json\/wp\/v2\/users\/2"}],"replies":[{"embeddable":true,"href":"https:\/\/cdnoticias.com\/index.php\/wp-json\/wp\/v2\/comments?post=178044"}],"version-history":[{"count":0,"href":"https:\/\/cdnoticias.com\/index.php\/wp-json\/wp\/v2\/posts\/178044\/revisions"}],"wp:featuredmedia":[{"embeddable":true,"href":"https:\/\/cdnoticias.com\/index.php\/wp-json\/wp\/v2\/media\/100390"}],"wp:attachment":[{"href":"https:\/\/cdnoticias.com\/index.php\/wp-json\/wp\/v2\/media?parent=178044"}],"wp:term":[{"taxonomy":"category","embeddable":true,"href":"https:\/\/cdnoticias.com\/index.php\/wp-json\/wp\/v2\/categories?post=178044"},{"taxonomy":"post_tag","embeddable":true,"href":"https:\/\/cdnoticias.com\/index.php\/wp-json\/wp\/v2\/tags?post=178044"}],"curies":[{"name":"wp","href":"https:\/\/api.w.org\/{rel}","templated":true}]}}