{"id":17801,"date":"2021-04-02T17:02:39","date_gmt":"2021-04-02T20:02:39","guid":{"rendered":"http:\/\/www.centraldenoticias.com.ar\/?p=17801"},"modified":"2021-04-02T17:42:48","modified_gmt":"2021-04-02T20:42:48","slug":"el-intendente-galli-encabezo-el-acto-oficial-por-malvinas","status":"publish","type":"post","link":"https:\/\/cdnoticias.com\/index.php\/2021\/04\/02\/el-intendente-galli-encabezo-el-acto-oficial-por-malvinas\/","title":{"rendered":"El Intendente Galli encabez\u00f3 el acto oficial por Malvinas"},"content":{"rendered":"<p>Fue este viernes por la tarde, en la localidad de Loma Negra. Hubo una ofrenda floral entregada por un nieto de uno de los veteranos oriundos de nuestra ciudad.<!--more--><\/p>\n<hr \/>\n<p>En la jornada de este viernes, <strong>el intendente Galli encabez\u00f3 el acto por el 2 de abril, que se desarroll\u00f3 en esta ocasi\u00f3n en el sector del monumento \u201cMalvinas, h\u00e9roes y veteranos de la guerra\u201d de la localidad de Loma Negra.<\/strong><\/p>\n<p>&nbsp;<\/p>\n<p>Participaron el presidente del Honorable Concejo Deliberante Bruno Cenizo, el jefe del Regimiento de Caballer\u00eda de Tanques II Tc Cristian Castellanos, la jefa del Escuadr\u00f3n de Ingenieros Blindado I Capit\u00e1n Victoria Harasimowicz, el presidente de la Agrupaci\u00f3n Veteranos de Guerra \u201c2 de Abril\u201d Jos\u00e9 Trinch\u00edn, la delegada de Loma Negra Valeria Milia, los secretarios de Gobierno Hilario Galli y de Desarrollo Humano y Calidad de Vida Diego Robbiani, la Comisi\u00f3n de Hijos Generaci\u00f3n Malvinas Olavarr\u00eda, la Uni\u00f3n Nacional de Soldados Continentales Olavarr\u00eda y representantes de otras instituciones.<\/p>\n<p>&nbsp;<\/p>\n<p><img data-recalc-dims=\"1\" loading=\"lazy\" decoding=\"async\" class=\"alignnone size-full wp-image-17804\" src=\"https:\/\/i0.wp.com\/cdnoticias.com\/wp-content\/uploads\/2021\/04\/acto-malvinas2.jpg?resize=800%2C535&#038;ssl=1\" alt=\"\" width=\"800\" height=\"535\" srcset=\"https:\/\/i0.wp.com\/cdnoticias.com\/wp-content\/uploads\/2021\/04\/acto-malvinas2.jpg?w=2560&amp;ssl=1 2560w, https:\/\/i0.wp.com\/cdnoticias.com\/wp-content\/uploads\/2021\/04\/acto-malvinas2.jpg?resize=300%2C201&amp;ssl=1 300w, https:\/\/i0.wp.com\/cdnoticias.com\/wp-content\/uploads\/2021\/04\/acto-malvinas2.jpg?resize=768%2C513&amp;ssl=1 768w, https:\/\/i0.wp.com\/cdnoticias.com\/wp-content\/uploads\/2021\/04\/acto-malvinas2.jpg?resize=1024%2C684&amp;ssl=1 1024w, https:\/\/i0.wp.com\/cdnoticias.com\/wp-content\/uploads\/2021\/04\/acto-malvinas2.jpg?resize=272%2C182&amp;ssl=1 272w, https:\/\/i0.wp.com\/cdnoticias.com\/wp-content\/uploads\/2021\/04\/acto-malvinas2.jpg?w=1600&amp;ssl=1 1600w, https:\/\/i0.wp.com\/cdnoticias.com\/wp-content\/uploads\/2021\/04\/acto-malvinas2.jpg?w=2400&amp;ssl=1 2400w\" sizes=\"auto, (max-width: 800px) 100vw, 800px\" \/><\/p>\n<p>&nbsp;<\/p>\n<p>Con la entonaci\u00f3n de las estrofas del Himno Nacional Argentino se inici\u00f3 la conmemoraci\u00f3n, que<strong> fue organizada de manera conjunta por la Municipalidad del Partido de Olavarr\u00eda, la Comisi\u00f3n de Hijos Generaci\u00f3n Malvinas Olavarr\u00eda y la Agrupaci\u00f3n Veteranos de Guerra \u201c2 de abril\u201d.<\/strong><\/p>\n<p>&nbsp;<\/p>\n<blockquote><p>Se realiz\u00f3 un minuto de silencio en recuerdo y homenaje a los combatientes argentinos que defendieron las islas. La invocaci\u00f3n religiosa estuvo a cargo de Monse\u00f1or Obispo Misionero Oscar Sarlinga y el pastor Olivieri.<\/p><\/blockquote>\n<p>&nbsp;<\/p>\n<p>Finalmente,<strong> el intendente Ezequiel Galli junto con Federico Cerrudo (nieto de ex combatiente) colocaron la palma al pie del monumento en representaci\u00f3n de la Municipalidad de Olavarr\u00eda.<\/strong><\/p>\n<p>&nbsp;<\/p>\n<p><img data-recalc-dims=\"1\" loading=\"lazy\" decoding=\"async\" class=\"alignnone size-full wp-image-17802\" src=\"https:\/\/i0.wp.com\/cdnoticias.com\/wp-content\/uploads\/2021\/04\/acto-malvinas.jpg?resize=800%2C535&#038;ssl=1\" alt=\"\" width=\"800\" height=\"535\" srcset=\"https:\/\/i0.wp.com\/cdnoticias.com\/wp-content\/uploads\/2021\/04\/acto-malvinas.jpg?w=2560&amp;ssl=1 2560w, https:\/\/i0.wp.com\/cdnoticias.com\/wp-content\/uploads\/2021\/04\/acto-malvinas.jpg?resize=300%2C201&amp;ssl=1 300w, https:\/\/i0.wp.com\/cdnoticias.com\/wp-content\/uploads\/2021\/04\/acto-malvinas.jpg?resize=768%2C513&amp;ssl=1 768w, https:\/\/i0.wp.com\/cdnoticias.com\/wp-content\/uploads\/2021\/04\/acto-malvinas.jpg?resize=1024%2C684&amp;ssl=1 1024w, https:\/\/i0.wp.com\/cdnoticias.com\/wp-content\/uploads\/2021\/04\/acto-malvinas.jpg?resize=272%2C182&amp;ssl=1 272w, https:\/\/i0.wp.com\/cdnoticias.com\/wp-content\/uploads\/2021\/04\/acto-malvinas.jpg?w=1600&amp;ssl=1 1600w, https:\/\/i0.wp.com\/cdnoticias.com\/wp-content\/uploads\/2021\/04\/acto-malvinas.jpg?w=2400&amp;ssl=1 2400w\" sizes=\"auto, (max-width: 800px) 100vw, 800px\" \/><\/p>\n<p>&nbsp;<\/p>\n<p>Por la Guarnici\u00f3n Ej\u00e9rcito Olavarr\u00eda lo hicieron el Tcnl Cristian Castellanos y la capitana Victoria Harasimowicz, luego Ra\u00fal Torrecilla y Pablo Zeballos por la Agrupaci\u00f3n Veteranos de Guerra \u201c2 de Abril\u201d.<\/p>\n<p>&nbsp;<\/p>\n<p>En representaci\u00f3n del Honorable Concejo Deliberante lo hicieron el presidente Bruno Cenizo y el secretario de Gobierno del Municipio Hilario Galli y por la <strong>Comisi\u00f3n de Hijos Generaci\u00f3n Malvinas Olavarr\u00eda fueron Yesica Duhau, Juan Ignacio y Roc\u00edo Fernandez y Lucas Lopez.<\/strong><\/p>\n<p>&nbsp;<\/p>\n<p><img data-recalc-dims=\"1\" loading=\"lazy\" decoding=\"async\" class=\"alignnone size-full wp-image-17805\" src=\"https:\/\/i0.wp.com\/cdnoticias.com\/wp-content\/uploads\/2021\/04\/acto-malvinas3.jpg?resize=800%2C535&#038;ssl=1\" alt=\"\" width=\"800\" height=\"535\" srcset=\"https:\/\/i0.wp.com\/cdnoticias.com\/wp-content\/uploads\/2021\/04\/acto-malvinas3.jpg?w=2560&amp;ssl=1 2560w, https:\/\/i0.wp.com\/cdnoticias.com\/wp-content\/uploads\/2021\/04\/acto-malvinas3.jpg?resize=300%2C201&amp;ssl=1 300w, https:\/\/i0.wp.com\/cdnoticias.com\/wp-content\/uploads\/2021\/04\/acto-malvinas3.jpg?resize=768%2C513&amp;ssl=1 768w, https:\/\/i0.wp.com\/cdnoticias.com\/wp-content\/uploads\/2021\/04\/acto-malvinas3.jpg?resize=1024%2C684&amp;ssl=1 1024w, https:\/\/i0.wp.com\/cdnoticias.com\/wp-content\/uploads\/2021\/04\/acto-malvinas3.jpg?resize=272%2C182&amp;ssl=1 272w, https:\/\/i0.wp.com\/cdnoticias.com\/wp-content\/uploads\/2021\/04\/acto-malvinas3.jpg?w=1600&amp;ssl=1 1600w, https:\/\/i0.wp.com\/cdnoticias.com\/wp-content\/uploads\/2021\/04\/acto-malvinas3.jpg?w=2400&amp;ssl=1 2400w\" sizes=\"auto, (max-width: 800px) 100vw, 800px\" \/><\/p>\n<p>&nbsp;<\/p>\n<p>Luego, con la entonaci\u00f3n de la Marcha de Malvinas finaliz\u00f3 el acto.<\/p>\n","protected":false},"excerpt":{"rendered":"<p>Fue este viernes por la tarde, en la localidad de Loma Negra. Hubo una ofrenda floral entregada por un nieto<\/p>\n","protected":false},"author":2,"featured_media":17803,"comment_status":"closed","ping_status":"closed","sticky":false,"template":"","format":"standard","meta":{"_jetpack_memberships_contains_paid_content":false,"footnotes":""},"categories":[5,1],"tags":[],"class_list":["post-17801","post","type-post","status-publish","format-standard","has-post-thumbnail","hentry","category-informacion-general","category-portada"],"jetpack_featured_media_url":"https:\/\/i0.wp.com\/cdnoticias.com\/wp-content\/uploads\/2021\/04\/acto-malvinas1.jpg?fit=2560%2C1711&ssl=1","jetpack_sharing_enabled":true,"_links":{"self":[{"href":"https:\/\/cdnoticias.com\/index.php\/wp-json\/wp\/v2\/posts\/17801","targetHints":{"allow":["GET"]}}],"collection":[{"href":"https:\/\/cdnoticias.com\/index.php\/wp-json\/wp\/v2\/posts"}],"about":[{"href":"https:\/\/cdnoticias.com\/index.php\/wp-json\/wp\/v2\/types\/post"}],"author":[{"embeddable":true,"href":"https:\/\/cdnoticias.com\/index.php\/wp-json\/wp\/v2\/users\/2"}],"replies":[{"embeddable":true,"href":"https:\/\/cdnoticias.com\/index.php\/wp-json\/wp\/v2\/comments?post=17801"}],"version-history":[{"count":0,"href":"https:\/\/cdnoticias.com\/index.php\/wp-json\/wp\/v2\/posts\/17801\/revisions"}],"wp:featuredmedia":[{"embeddable":true,"href":"https:\/\/cdnoticias.com\/index.php\/wp-json\/wp\/v2\/media\/17803"}],"wp:attachment":[{"href":"https:\/\/cdnoticias.com\/index.php\/wp-json\/wp\/v2\/media?parent=17801"}],"wp:term":[{"taxonomy":"category","embeddable":true,"href":"https:\/\/cdnoticias.com\/index.php\/wp-json\/wp\/v2\/categories?post=17801"},{"taxonomy":"post_tag","embeddable":true,"href":"https:\/\/cdnoticias.com\/index.php\/wp-json\/wp\/v2\/tags?post=17801"}],"curies":[{"name":"wp","href":"https:\/\/api.w.org\/{rel}","templated":true}]}}