{"id":17798,"date":"2021-04-02T17:30:55","date_gmt":"2021-04-02T20:30:55","guid":{"rendered":"http:\/\/www.centraldenoticias.com.ar\/?p=17798"},"modified":"2021-04-02T19:52:24","modified_gmt":"2021-04-02T22:52:24","slug":"hace-39-anos-me-toco-atender-heridos-de-guerra-hoy-la-pandemia-es-invisible-a-los-ojos","status":"publish","type":"post","link":"https:\/\/cdnoticias.com\/index.php\/2021\/04\/02\/hace-39-anos-me-toco-atender-heridos-de-guerra-hoy-la-pandemia-es-invisible-a-los-ojos\/","title":{"rendered":"\u201cHace 39 a\u00f1os me toc\u00f3 atender heridos de guerra, hoy la pandemia es invisible a los ojos\u201d"},"content":{"rendered":"<p>Enfermera en la Guerra de Malvinas, Graciela Trinch\u00edn pidi\u00f3 extremar los cuidados en este momento complejo para la pandemia. Lo hizo en un documental emitido por Foro Olavarr\u00eda este viernes.\u00a0<!--more--><\/p>\n<hr \/>\n<p>En el marco del D\u00eda del Veterano y de los Ca\u00eddos en la Guerra de Malvinas,<a href=\"https:\/\/cdnoticias.com\/index.php\/2021\/04\/02\/se-estreno-el-documental-veteranos-hijos-e-hijas-de-la-guerra\/\" target=\"_blank\" rel=\"noopener\"> Foro Olavarr\u00eda estren\u00f3 un documental llamado \u201cHijos e hijas de la Guerra\u201d<\/a> con testimonios de olavarrienses que estuvieron en las islas en 1982.<strong> Una de ellas es la enfermera Graciela Trinch\u00edn, quien aprovech\u00f3 la ocasi\u00f3n para pedir a los vecinos reforzar los cuidados por la pandemia.<\/strong><\/p>\n<p>&nbsp;<\/p>\n<p>Trinch\u00edn en un video publicado por el Foro expres\u00f3 que<em> \u201chace 39 a\u00f1os me toc\u00f3 atender heridos de guerra, una guerra visible, que no elegimos, que hoy la recordamos y conmemoramos despu\u00e9s de 39 a\u00f1os con mucho dolor\u201d.<\/em><\/p>\n<p>&nbsp;<\/p>\n<p><iframe loading=\"lazy\" title=\"YouTube video player\" src=\"https:\/\/www.youtube.com\/embed\/0GyLbSEozLE\" width=\"560\" height=\"315\" frameborder=\"0\" allowfullscreen=\"allowfullscreen\"><\/iframe><\/p>\n<p>&nbsp;<\/p>\n<p>Justamente, por su profesi\u00f3n de enfermera<em> \u201cen este momento estamos luchando contra una pandemia, y una enfermedad que nos provoca lesiones muy graves. Que llevan a algunos a la muerte\u201d<\/em>. Como consejo, pidi\u00f3 reforzar los cuidados tales como<strong><em> \u201cla higiene de manos, el uso de tapabocas, la higiene frecuente de tus lugares y todo lo que manipulas, la distancia social, que tengas conciencia\u201d.<\/em><\/strong><\/p>\n<p>&nbsp;<\/p>\n<p>Y record\u00f3: <em>\u201cHace 39 a\u00f1os ten\u00edamos conciencia de que est\u00e1bamos atendiendo heridos de guerra. Algo visible y muy doloroso. Hoy tenemos una tarea m\u00e1s dif\u00edcil que es atender heridos de una pandemia que es invisible a los ojos\u201d.<\/em><\/p>\n<p>&nbsp;<\/p>\n<blockquote><p>\u201cTe pido nuevamente que cuides tu entorno, tu vecino, pero que te cuides vos. Y as\u00ed me estar\u00edas cuidando a m\u00ed tambi\u00e9n y m\u00e1s protecci\u00f3n a todos\u201d.<\/p><\/blockquote>\n<p>&nbsp;<\/p>\n<p>Para cerrar, indic\u00f3 que<em> \u201cdepende de vos que salgamos vivos de esta. A pelearla, a poner un granito de arena, ayudanos a todos\u201d.<\/em><\/p>\n","protected":false},"excerpt":{"rendered":"<p>Enfermera en la Guerra de Malvinas, Graciela Trinch\u00edn pidi\u00f3 extremar los cuidados en este momento complejo para la pandemia. Lo<\/p>\n","protected":false},"author":2,"featured_media":17799,"comment_status":"closed","ping_status":"closed","sticky":false,"template":"","format":"standard","meta":{"_jetpack_memberships_contains_paid_content":false,"footnotes":""},"categories":[5,1],"tags":[],"class_list":["post-17798","post","type-post","status-publish","format-standard","has-post-thumbnail","hentry","category-informacion-general","category-portada"],"jetpack_featured_media_url":"https:\/\/i0.wp.com\/cdnoticias.com\/wp-content\/uploads\/2021\/04\/Graciela-Trinchin.jpg?fit=749%2C409&ssl=1","jetpack_sharing_enabled":true,"_links":{"self":[{"href":"https:\/\/cdnoticias.com\/index.php\/wp-json\/wp\/v2\/posts\/17798","targetHints":{"allow":["GET"]}}],"collection":[{"href":"https:\/\/cdnoticias.com\/index.php\/wp-json\/wp\/v2\/posts"}],"about":[{"href":"https:\/\/cdnoticias.com\/index.php\/wp-json\/wp\/v2\/types\/post"}],"author":[{"embeddable":true,"href":"https:\/\/cdnoticias.com\/index.php\/wp-json\/wp\/v2\/users\/2"}],"replies":[{"embeddable":true,"href":"https:\/\/cdnoticias.com\/index.php\/wp-json\/wp\/v2\/comments?post=17798"}],"version-history":[{"count":0,"href":"https:\/\/cdnoticias.com\/index.php\/wp-json\/wp\/v2\/posts\/17798\/revisions"}],"wp:featuredmedia":[{"embeddable":true,"href":"https:\/\/cdnoticias.com\/index.php\/wp-json\/wp\/v2\/media\/17799"}],"wp:attachment":[{"href":"https:\/\/cdnoticias.com\/index.php\/wp-json\/wp\/v2\/media?parent=17798"}],"wp:term":[{"taxonomy":"category","embeddable":true,"href":"https:\/\/cdnoticias.com\/index.php\/wp-json\/wp\/v2\/categories?post=17798"},{"taxonomy":"post_tag","embeddable":true,"href":"https:\/\/cdnoticias.com\/index.php\/wp-json\/wp\/v2\/tags?post=17798"}],"curies":[{"name":"wp","href":"https:\/\/api.w.org\/{rel}","templated":true}]}}