{"id":177948,"date":"2025-07-28T19:09:34","date_gmt":"2025-07-28T22:09:34","guid":{"rendered":"https:\/\/cdnoticias.com\/?p=177948"},"modified":"2025-07-29T09:06:29","modified_gmt":"2025-07-29T12:06:29","slug":"desobedecio-una-orden-de-restriccion-y-fue-aprehendido","status":"publish","type":"post","link":"https:\/\/cdnoticias.com\/index.php\/2025\/07\/28\/desobedecio-una-orden-de-restriccion-y-fue-aprehendido\/","title":{"rendered":"Desobedeci\u00f3 una orden de restricci\u00f3n y fue aprehendido"},"content":{"rendered":"\n<p>El hecho se registr\u00f3 en la zona de avenida Del Maestro al 1700. El hombre ten\u00eda una medida cautelar en su contra dispuesta por el Juzgado de Familia N\u00b01.<\/p>\n\n\n\n<hr class=\"wp-block-separator aligncenter has-alpha-channel-opacity\"\/>\n\n\n\n<p>Un hombre de 22 a\u00f1os fue aprehendido este lunes en la zona de avenida Del Maestro al 1700, <strong>acusado de desobedecer una orden judicial de restricci\u00f3n de acercamiento en el marco de un caso de violencia de g\u00e9nero.<\/strong><\/p>\n\n\n\n<p>El hecho ocurri\u00f3 tras <strong>un llamado al 911 que alert\u00f3 sobre la activaci\u00f3n de un bot\u00f3n antip\u00e1nico. <\/strong>Al llegar al lugar, el personal policial encontr\u00f3 a un hombre y una mujer discutiendo. Al ser entrevistada, la mujer manifest\u00f3 que el hombre ten\u00eda una restricci\u00f3n de acercamiento vigente.<\/p>\n\n\n\n<p>Tras consultar con la Comisar\u00eda de la Mujer y la Familia, <strong>se confirm\u00f3 que la medida cautelar hab\u00eda sido dispuesta por el Juzgado de Familia N.\u00ba 1. Ante ello, se procedi\u00f3 a la inmediata aprehensi\u00f3n del implicado, quien fue trasladado a una dependencia policial donde qued\u00f3 alojado.<\/strong><\/p>\n\n\n\n<p><strong>Interviene en la causa la UFI N.\u00ba 5 (Unidad Fiscal de Investigaci\u00f3n),<\/strong> a cargo de la Dra. Viceconte.<\/p>\n","protected":false},"excerpt":{"rendered":"<p>El hecho se registr\u00f3 en la zona de avenida Del Maestro al 1700. El hombre ten\u00eda una medida cautelar en<\/p>\n","protected":false},"author":2,"featured_media":177949,"comment_status":"closed","ping_status":"closed","sticky":false,"template":"","format":"standard","meta":{"_jetpack_memberships_contains_paid_content":false,"footnotes":""},"categories":[14,1],"tags":[],"class_list":["post-177948","post","type-post","status-publish","format-standard","has-post-thumbnail","hentry","category-policiales","category-portada"],"jetpack_featured_media_url":"https:\/\/i0.wp.com\/cdnoticias.com\/wp-content\/uploads\/2025\/07\/WhatsApp-Image-2025-07-28-at-19.03.25-e1753740551149.jpeg?fit=676%2C366&ssl=1","jetpack_sharing_enabled":true,"_links":{"self":[{"href":"https:\/\/cdnoticias.com\/index.php\/wp-json\/wp\/v2\/posts\/177948","targetHints":{"allow":["GET"]}}],"collection":[{"href":"https:\/\/cdnoticias.com\/index.php\/wp-json\/wp\/v2\/posts"}],"about":[{"href":"https:\/\/cdnoticias.com\/index.php\/wp-json\/wp\/v2\/types\/post"}],"author":[{"embeddable":true,"href":"https:\/\/cdnoticias.com\/index.php\/wp-json\/wp\/v2\/users\/2"}],"replies":[{"embeddable":true,"href":"https:\/\/cdnoticias.com\/index.php\/wp-json\/wp\/v2\/comments?post=177948"}],"version-history":[{"count":0,"href":"https:\/\/cdnoticias.com\/index.php\/wp-json\/wp\/v2\/posts\/177948\/revisions"}],"wp:featuredmedia":[{"embeddable":true,"href":"https:\/\/cdnoticias.com\/index.php\/wp-json\/wp\/v2\/media\/177949"}],"wp:attachment":[{"href":"https:\/\/cdnoticias.com\/index.php\/wp-json\/wp\/v2\/media?parent=177948"}],"wp:term":[{"taxonomy":"category","embeddable":true,"href":"https:\/\/cdnoticias.com\/index.php\/wp-json\/wp\/v2\/categories?post=177948"},{"taxonomy":"post_tag","embeddable":true,"href":"https:\/\/cdnoticias.com\/index.php\/wp-json\/wp\/v2\/tags?post=177948"}],"curies":[{"name":"wp","href":"https:\/\/api.w.org\/{rel}","templated":true}]}}