{"id":177945,"date":"2025-07-28T18:02:38","date_gmt":"2025-07-28T21:02:38","guid":{"rendered":"https:\/\/cdnoticias.com\/?p=177945"},"modified":"2025-07-28T18:02:40","modified_gmt":"2025-07-28T21:02:40","slug":"edgardo-samuel-hipperdinger-bocha-q-e-p-d","status":"publish","type":"post","link":"https:\/\/cdnoticias.com\/index.php\/2025\/07\/28\/edgardo-samuel-hipperdinger-bocha-q-e-p-d\/","title":{"rendered":"Edgardo Samuel Hipperdinger \u201cBocha\u201d (Q.E.P.D.)"},"content":{"rendered":"\n<hr class=\"wp-block-separator aligncenter has-alpha-channel-opacity\"\/>\n\n\n\n<p>Falleci\u00f3 en Olavarr\u00eda el 28 de julio de 2025 a los 87 a\u00f1os. Su esposa Aurora Ciccioli; sus hijos Mar\u00eda Alejandra, Mar\u00eda Rosana, Mar\u00eda In\u00e9s y Diego; sus hijos pol\u00edticos H\u00e9ctor y Gustavo; sus nietos Juan Cruz, Milagros, Emilia, Catalina, Mar\u00eda, Ana, Alejandro y M\u00e1ximo; su bisnieto Horacio; su cu\u00f1ada Norma; sus sobrinas Gabriela y Ver\u00f3nica y dem\u00e1s deudos participan su fallecimiento.<\/p>\n\n\n\n<p>Sus restos ser\u00e1n velados en la Sala de Espa\u00f1a 2942 departamento \u201cC\u201d. Abre de 19 a 21 horas y reabre a las 08:00 horas. Ser\u00e1n inhumados en el Cementerio Loma de Paz este martes 29 de julio de 2025 a las 11:30 horas. Servicio adherido a Coopelectric.<\/p>\n\n\n\n<p>Nacido en Coronel Su\u00e1rez, vecino de San Vicente, ex vecino de Calera Avellaneda, jubilado metal\u00fargico.<\/p>\n","protected":false},"excerpt":{"rendered":"<p>Falleci\u00f3 en Olavarr\u00eda el 28 de julio de 2025 a los 87 a\u00f1os. Su esposa Aurora Ciccioli; sus hijos Mar\u00eda<\/p>\n","protected":false},"author":2,"featured_media":100390,"comment_status":"closed","ping_status":"closed","sticky":false,"template":"","format":"standard","meta":{"_jetpack_memberships_contains_paid_content":false,"footnotes":""},"categories":[10],"tags":[],"class_list":["post-177945","post","type-post","status-publish","format-standard","has-post-thumbnail","hentry","category-necrologicas"],"jetpack_featured_media_url":"https:\/\/i0.wp.com\/cdnoticias.com\/wp-content\/uploads\/2023\/10\/necrologicas-390-x-240.jpg?fit=390%2C240&ssl=1","jetpack_sharing_enabled":true,"_links":{"self":[{"href":"https:\/\/cdnoticias.com\/index.php\/wp-json\/wp\/v2\/posts\/177945","targetHints":{"allow":["GET"]}}],"collection":[{"href":"https:\/\/cdnoticias.com\/index.php\/wp-json\/wp\/v2\/posts"}],"about":[{"href":"https:\/\/cdnoticias.com\/index.php\/wp-json\/wp\/v2\/types\/post"}],"author":[{"embeddable":true,"href":"https:\/\/cdnoticias.com\/index.php\/wp-json\/wp\/v2\/users\/2"}],"replies":[{"embeddable":true,"href":"https:\/\/cdnoticias.com\/index.php\/wp-json\/wp\/v2\/comments?post=177945"}],"version-history":[{"count":0,"href":"https:\/\/cdnoticias.com\/index.php\/wp-json\/wp\/v2\/posts\/177945\/revisions"}],"wp:featuredmedia":[{"embeddable":true,"href":"https:\/\/cdnoticias.com\/index.php\/wp-json\/wp\/v2\/media\/100390"}],"wp:attachment":[{"href":"https:\/\/cdnoticias.com\/index.php\/wp-json\/wp\/v2\/media?parent=177945"}],"wp:term":[{"taxonomy":"category","embeddable":true,"href":"https:\/\/cdnoticias.com\/index.php\/wp-json\/wp\/v2\/categories?post=177945"},{"taxonomy":"post_tag","embeddable":true,"href":"https:\/\/cdnoticias.com\/index.php\/wp-json\/wp\/v2\/tags?post=177945"}],"curies":[{"name":"wp","href":"https:\/\/api.w.org\/{rel}","templated":true}]}}