{"id":177942,"date":"2025-07-28T18:01:02","date_gmt":"2025-07-28T21:01:02","guid":{"rendered":"https:\/\/cdnoticias.com\/?p=177942"},"modified":"2025-08-06T08:58:05","modified_gmt":"2025-08-06T11:58:05","slug":"elecciones-provinciales-ya-esta-disponible-el-padron-de-votantes","status":"publish","type":"post","link":"https:\/\/cdnoticias.com\/index.php\/2025\/07\/28\/elecciones-provinciales-ya-esta-disponible-el-padron-de-votantes\/","title":{"rendered":"Elecciones provinciales: ya est\u00e1 disponible el padr\u00f3n de votantes\u00a0"},"content":{"rendered":"\n<p>A partir de este lunes, se puede consultar en l\u00ednea donde votar para las elecciones provinciales del pr\u00f3ximo 7 de septiembre.&nbsp;<\/p>\n\n\n\n<hr class=\"wp-block-separator aligncenter has-alpha-channel-opacity\"\/>\n\n\n\n<p>Este lunes,<strong> la Junta Electoral de la Provincia de Buenos Aires<\/strong> public\u00f3 el<strong> padr\u00f3n de votantes<\/strong> que ya est\u00e1 disponible en su p\u00e1gina web oficial. <\/p>\n\n\n\n<p><\/p>\n\n\n\n<p>De esta manera, ya se puede <strong>consultar en l\u00ednea d\u00f3nde votar<\/strong> para las <strong>elecciones provinciales del pr\u00f3ximo 7 de septiembre.&nbsp;<\/strong><\/p>\n\n\n\n<p><\/p>\n\n\n\n<p>Para acceder debes <a href=\"http:\/\/www.padron.gba.gob.ar\" target=\"_blank\" rel=\"noreferrer noopener\">hacer click en el siguiente link<\/a> e ingresar n\u00famero de documento, sexo y c\u00f3digo de seguridad.&nbsp;<\/p>\n\n\n\n<p><\/p>\n\n\n\n<p><strong>Detalles del padr\u00f3n habilitado<\/strong><\/p>\n\n\n\n<ul class=\"wp-block-list\">\n<li><strong>Nativos total: 13.361.359\u00a0<\/strong><\/li>\n<\/ul>\n\n\n\n<ul class=\"wp-block-list\">\n<li>G\u00e9nero femenino: 6.795.909\u00a0<\/li>\n<\/ul>\n\n\n\n<ul class=\"wp-block-list\">\n<li>G\u00e9nero masculino: 6.564.739\u00a0<\/li>\n<\/ul>\n\n\n\n<ul class=\"wp-block-list\">\n<li>G\u00e9nero no binario: 711<\/li>\n<\/ul>\n\n\n\n<ul class=\"wp-block-list\">\n<li><strong>Extranjeros total: 1.015.232<\/strong>\u00a0<\/li>\n<\/ul>\n\n\n\n<ul class=\"wp-block-list\">\n<li>G\u00e9nero masculino: 532.339\u00a0<\/li>\n<\/ul>\n\n\n\n<ul class=\"wp-block-list\">\n<li>Genero femenino: 482.892\u00a0\u00a0<\/li>\n<\/ul>\n\n\n\n<ul class=\"wp-block-list\">\n<li>G\u00e9nero no binario: 1<\/li>\n<\/ul>\n\n\n<blockquote class=\"wp-embedded-content\" data-secret=\"eyyArJ0NCp\"><a href=\"https:\/\/cdnoticias.com\/index.php\/2025\/07\/22\/elecciones-bonaerenses-olavarria-tendra-101-087-votantes-en-septiembre\/\">Elecciones bonaerenses: Olavarr\u00eda tendr\u00e1 101.087 votantes en septiembre<\/a><\/blockquote><iframe loading=\"lazy\" class=\"wp-embedded-content\" sandbox=\"allow-scripts\" security=\"restricted\" style=\"position: absolute; visibility: hidden;\" title=\"&#8220;Elecciones bonaerenses: Olavarr\u00eda tendr\u00e1 101.087 votantes en septiembre&#8221; &#8212; Central de Noticias | Olavarr\u00eda\" src=\"https:\/\/cdnoticias.com\/index.php\/2025\/07\/22\/elecciones-bonaerenses-olavarria-tendra-101-087-votantes-en-septiembre\/embed\/#?secret=GyI4Y2nL5A#?secret=eyyArJ0NCp\" data-secret=\"eyyArJ0NCp\" width=\"600\" height=\"338\" frameborder=\"0\" marginwidth=\"0\" marginheight=\"0\" scrolling=\"no\"><\/iframe>\n","protected":false},"excerpt":{"rendered":"<p>A partir de este lunes, se puede consultar en l\u00ednea donde votar para las elecciones provinciales del pr\u00f3ximo 7 de<\/p>\n","protected":false},"author":6,"featured_media":100123,"comment_status":"closed","ping_status":"closed","sticky":false,"template":"","format":"standard","meta":{"_jetpack_memberships_contains_paid_content":false,"footnotes":""},"categories":[5,1],"tags":[],"class_list":["post-177942","post","type-post","status-publish","format-standard","has-post-thumbnail","hentry","category-informacion-general","category-portada"],"jetpack_featured_media_url":"https:\/\/i0.wp.com\/cdnoticias.com\/wp-content\/uploads\/2023\/10\/elecciones-2023-padron-00.jpg?fit=1000%2C556&ssl=1","jetpack_sharing_enabled":true,"_links":{"self":[{"href":"https:\/\/cdnoticias.com\/index.php\/wp-json\/wp\/v2\/posts\/177942","targetHints":{"allow":["GET"]}}],"collection":[{"href":"https:\/\/cdnoticias.com\/index.php\/wp-json\/wp\/v2\/posts"}],"about":[{"href":"https:\/\/cdnoticias.com\/index.php\/wp-json\/wp\/v2\/types\/post"}],"author":[{"embeddable":true,"href":"https:\/\/cdnoticias.com\/index.php\/wp-json\/wp\/v2\/users\/6"}],"replies":[{"embeddable":true,"href":"https:\/\/cdnoticias.com\/index.php\/wp-json\/wp\/v2\/comments?post=177942"}],"version-history":[{"count":0,"href":"https:\/\/cdnoticias.com\/index.php\/wp-json\/wp\/v2\/posts\/177942\/revisions"}],"wp:featuredmedia":[{"embeddable":true,"href":"https:\/\/cdnoticias.com\/index.php\/wp-json\/wp\/v2\/media\/100123"}],"wp:attachment":[{"href":"https:\/\/cdnoticias.com\/index.php\/wp-json\/wp\/v2\/media?parent=177942"}],"wp:term":[{"taxonomy":"category","embeddable":true,"href":"https:\/\/cdnoticias.com\/index.php\/wp-json\/wp\/v2\/categories?post=177942"},{"taxonomy":"post_tag","embeddable":true,"href":"https:\/\/cdnoticias.com\/index.php\/wp-json\/wp\/v2\/tags?post=177942"}],"curies":[{"name":"wp","href":"https:\/\/api.w.org\/{rel}","templated":true}]}}