{"id":177917,"date":"2025-07-28T12:35:22","date_gmt":"2025-07-28T15:35:22","guid":{"rendered":"https:\/\/cdnoticias.com\/?p=177917"},"modified":"2025-07-28T16:24:26","modified_gmt":"2025-07-28T19:24:26","slug":"la-agrupacion-sin-techo-no-hay-patria-recibio-una-donacion-de-55-lotes","status":"publish","type":"post","link":"https:\/\/cdnoticias.com\/index.php\/2025\/07\/28\/la-agrupacion-sin-techo-no-hay-patria-recibio-una-donacion-de-55-lotes\/","title":{"rendered":"La agrupaci\u00f3n \u201cSin techo no hay patria\u201d recibi\u00f3 una donaci\u00f3n de 55 lotes"},"content":{"rendered":"<p>Lo inform\u00f3 la abogada Pamela Tigri de la entidad que a\u00fana a 100 familias. \u201cEstamos en las tratativas de poder realizar una urbanizaci\u00f3n en esos lotes. Ahora apuntamos a que la Municipalidad d\u00e9 su apoyo\u201d dijo.<!--more--><\/p>\n<hr \/>\n<p><a href=\"https:\/\/cdnoticias.com\/index.php\/2025\/07\/21\/una-agrupacion-busca-acceder-a-un-techo-digno-en-olavarria\/\" target=\"_blank\" rel=\"noopener\">La semana pasada se dio a conocer<\/a> la <strong>conformaci\u00f3n del grupo \u201cSin techo no hay patria\u201d<\/strong> que busca facilitar el <strong>acceso a viviendas<\/strong> para vecinos de Olavarr\u00eda. Este lunes, la representante legal de la entidad inform\u00f3 que<strong> la agrupaci\u00f3n recibi\u00f3 una donaci\u00f3n de 55 lotes con ese fin.<\/strong><\/p>\n<blockquote><p>En una entrevista con el programa Levantate por Radio Sapiens (FM 102.7), la doctora Pamela Tigri cont\u00f3 que \u201cel d\u00eda jueves nos llam\u00f3 una persona del sector privado para hacernos una propuesta. Consiste en una donaci\u00f3n de lotes que m\u00e1s o menos cabr\u00edan 55 familias. Creo yo que estamos frente a un cambio de paradigma radical y a un paso de hacer historia, porque obviamente esto no se obtiene ni de un d\u00eda para el otro, ni de un mes para el otro como lo logramos\u201d.<\/p><\/blockquote>\n<p>M\u00e1s adelante, a\u00f1adi\u00f3 que tambi\u00e9n<strong> \u201ctenemos la posibilidad de acceder a 4 hect\u00e1reas m\u00e1s, as\u00ed que tendr\u00edamos medianamente resuelto todo<\/strong>. Primero vamos a ir paso a paso, no queremos crear falsas expectativas\u201d. No obstante, subray\u00f3 que <strong>\u201cesto es real, ya la donaci\u00f3n est\u00e1 hecha<\/strong>, entonces el tema es avanzar con la organizaci\u00f3n\u201d.<\/p>\n<p>Respecto de la ubicaci\u00f3n de los lotes, la abogada dijo que prefer\u00edan \u201cresguardarla\u201d as\u00ed como la identidad de la persona donante. \u201cQueremos resguardar que no venga nadie a interceder sobre esto, entonces<strong> la ubicaci\u00f3n no vamos por el momento<\/strong> a dar hasta que no est\u00e9 el proyecto que est\u00e9 medianamente firme\u201d respondi\u00f3. Aclar\u00f3 que se trata de <strong>terrenos que \u201ctienen acceso a todos los servicios. Nos faltar\u00eda luminarias y accesos urbanos como las calles\u201d.<\/strong><\/p>\n<blockquote><p>Con esta importante novedad, el grupo \u201cestamos en las tratativas de poder realizar una urbanizaci\u00f3n en esos lotes. Ahora apuntamos a que la Municipalidad d\u00e9 su apoyo para poder realizar esa urbanizaci\u00f3n y darle acceso a 55 familias para el acceso a su propia vivienda\u201d. En ese sentido, Tigri defini\u00f3 que \u201cestamos trayendo soluciones al Municipio y creo yo que necesitamos ayuda desde el sector p\u00fablico o el sector privado, estamos abiertos a todo\u201d.<\/p><\/blockquote>\n<p>Tigri cont\u00f3 sobre la conformaci\u00f3n de la entidad que <strong>\u201ces una agrupaci\u00f3n vecinal<\/strong> de diferentes tipos de barrios de la localidad de Olavarr\u00eda en la que se unieron por una sola lucha\u201d y describi\u00f3 el objetivo de<em> \u201cla obtenci\u00f3n de terrenos para la construcci\u00f3n de viviendas porque hay un problema de d\u00e9ficit habitacional en toda la Argentina\u201d<\/em>. En cuanto a los aspectos formales, coment\u00f3 que<strong> \u201cya iniciamos el expediente en Mesa de Entrada de la Municipalidad de Olavarr\u00eda para inscribirnos como simple asociaci\u00f3n\u201d<\/strong>.<\/p>\n<p>Cuentan con unas <strong>100 familias integrantes<\/strong> y, tras recibir la donaci\u00f3n,<strong> \u201chay un arduo trabajo organizativo dentro del grupo para ver c\u00f3mo vamos a seguir con esto\u201d<\/strong>. En ese sentido, se\u00f1al\u00f3 que \u201cla idea es<strong> crear una cooperativa de trabajo<\/strong>, ir viendo c\u00f3mo lo vamos solucionando porque nos encontramos con esto muy de golpe. Pensamos que lo que iba a tardar a\u00f1os, <strong>ya tenemos el 50% solucionado que ser\u00edan los lotes y nos faltar\u00eda todo el tema de urbanizaci\u00f3n\u201d<\/strong>.<\/p>\n<p>Para ello, en el <strong>contacto con el Municipio<\/strong> buscan \u201cacceso a alg\u00fan tipo de financiaci\u00f3n a las familias para poder concretar\u201d. Cont\u00f3 que el viernes mantuvieron una reuni\u00f3n con funcionarios del \u00e1rea de Relaciones con la Comunidad municipal para presentarse como agrupaci\u00f3n.<\/p>\n<p>Por \u00faltimo, Pamela Tigri inform\u00f3 que<strong> la persona que ofreci\u00f3 los 55 lotes no es integrante de la agrupaci\u00f3n<\/strong>. \u201cSe enter\u00f3 a trav\u00e9s de las redes, de los diferentes medios de difusi\u00f3n y vino con esta propuesta. Y nosotros m\u00e1s que encantados, <em>agradecidos, obviamente con esa persona. Fue algo muy sorpresivo para todos<\/em>, por el momento queremos salvaguardar su identidad\u201d.<\/p>\n<blockquote class=\"wp-embedded-content\" data-secret=\"ahCHp81Jan\"><p><a href=\"https:\/\/cdnoticias.com\/index.php\/2025\/07\/21\/una-agrupacion-busca-acceder-a-un-techo-digno-en-olavarria\/\">Una agrupaci\u00f3n busca \u201cacceder a un techo digno\u201d en Olavarr\u00eda<\/a><\/p><\/blockquote>\n<p><iframe loading=\"lazy\" class=\"wp-embedded-content\" sandbox=\"allow-scripts\" security=\"restricted\" style=\"position: absolute; visibility: hidden;\" title=\"&#8220;Una agrupaci\u00f3n busca \u201cacceder a un techo digno\u201d en Olavarr\u00eda&#8221; &#8212; Central de Noticias | Olavarr\u00eda\" src=\"https:\/\/cdnoticias.com\/index.php\/2025\/07\/21\/una-agrupacion-busca-acceder-a-un-techo-digno-en-olavarria\/embed\/#?secret=f8PCHFnRpo#?secret=ahCHp81Jan\" data-secret=\"ahCHp81Jan\" width=\"600\" height=\"338\" frameborder=\"0\" marginwidth=\"0\" marginheight=\"0\" scrolling=\"no\"><\/iframe><\/p>\n","protected":false},"excerpt":{"rendered":"<p>Lo inform\u00f3 la abogada Pamela Tigri de la entidad que a\u00fana a 100 familias. \u201cEstamos en las tratativas de poder<\/p>\n","protected":false},"author":4,"featured_media":177380,"comment_status":"closed","ping_status":"closed","sticky":false,"template":"","format":"standard","meta":{"_jetpack_memberships_contains_paid_content":false,"footnotes":""},"categories":[5,1],"tags":[],"class_list":["post-177917","post","type-post","status-publish","format-standard","has-post-thumbnail","hentry","category-informacion-general","category-portada"],"jetpack_featured_media_url":"https:\/\/i0.wp.com\/cdnoticias.com\/wp-content\/uploads\/2025\/07\/Imagen-de-WhatsApp-2025-07-21-a-las-17.01.05_223d3996-e1753138697266.jpg?fit=1600%2C800&ssl=1","jetpack_sharing_enabled":true,"_links":{"self":[{"href":"https:\/\/cdnoticias.com\/index.php\/wp-json\/wp\/v2\/posts\/177917","targetHints":{"allow":["GET"]}}],"collection":[{"href":"https:\/\/cdnoticias.com\/index.php\/wp-json\/wp\/v2\/posts"}],"about":[{"href":"https:\/\/cdnoticias.com\/index.php\/wp-json\/wp\/v2\/types\/post"}],"author":[{"embeddable":true,"href":"https:\/\/cdnoticias.com\/index.php\/wp-json\/wp\/v2\/users\/4"}],"replies":[{"embeddable":true,"href":"https:\/\/cdnoticias.com\/index.php\/wp-json\/wp\/v2\/comments?post=177917"}],"version-history":[{"count":0,"href":"https:\/\/cdnoticias.com\/index.php\/wp-json\/wp\/v2\/posts\/177917\/revisions"}],"wp:featuredmedia":[{"embeddable":true,"href":"https:\/\/cdnoticias.com\/index.php\/wp-json\/wp\/v2\/media\/177380"}],"wp:attachment":[{"href":"https:\/\/cdnoticias.com\/index.php\/wp-json\/wp\/v2\/media?parent=177917"}],"wp:term":[{"taxonomy":"category","embeddable":true,"href":"https:\/\/cdnoticias.com\/index.php\/wp-json\/wp\/v2\/categories?post=177917"},{"taxonomy":"post_tag","embeddable":true,"href":"https:\/\/cdnoticias.com\/index.php\/wp-json\/wp\/v2\/tags?post=177917"}],"curies":[{"name":"wp","href":"https:\/\/api.w.org\/{rel}","templated":true}]}}