{"id":177906,"date":"2025-07-28T10:16:18","date_gmt":"2025-07-28T13:16:18","guid":{"rendered":"https:\/\/cdnoticias.com\/?p=177906"},"modified":"2025-07-28T11:27:14","modified_gmt":"2025-07-28T14:27:14","slug":"los-sauces-el-municipio-recordo-la-prohibicion-de-edificacion-en-cercanias-del-arroyo-san-jacinto","status":"publish","type":"post","link":"https:\/\/cdnoticias.com\/index.php\/2025\/07\/28\/los-sauces-el-municipio-recordo-la-prohibicion-de-edificacion-en-cercanias-del-arroyo-san-jacinto\/","title":{"rendered":"Los Sauces: el Municipio record\u00f3 la prohibici\u00f3n de edificaci\u00f3n en cercan\u00edas del arroyo San Jacinto"},"content":{"rendered":"<p>\u201cA partir de consultas planteadas por vecinos y vecinas, el Municipio tom\u00f3 conocimiento nuevamente de movimientos en el sector\u201d se inform\u00f3 este lunes. En 2024 se hab\u00eda denunciado la venta irregular de terrenos.<!--more--><\/p>\n<hr \/>\n<p>El Municipio de Olavarr\u00eda record\u00f3 a la comunidad que, por ordenanza municipal vigente, <strong>se encuentra prohibida la edificaci\u00f3n de car\u00e1cter permanente en la franja de 50 metros de ancho a ambos lados del arroyo San Jacinto<\/strong>. La menci\u00f3n se enmarca en la situaci\u00f3n particular del <strong>barrio Los Sauces<\/strong>, conocido com\u00fanmente como \u201cPalos de Colores\u201d, que <a href=\"https:\/\/cdnoticias.com\/index.php\/2024\/11\/14\/el-municipio-denuncio-en-la-justicia-venta-ilegal-de-terrenos-en-la-zona-de-palos-de-colores\/\" target=\"_blank\" rel=\"noopener\">a fines del a\u00f1o pasado amerit\u00f3 una denuncia penal por parte de la comuna<\/a>.<\/p>\n<blockquote><p>\u201cA partir de consultas planteadas por vecinos y vecinas, el Municipio tom\u00f3 conocimiento nuevamente de movimientos en el sector dicha nomenclatura catastral es Partido: 78 (Olavarr\u00eda) Circunscripci\u00f3n: 2 Secci\u00f3n: H Chacra: 741 Fracci\u00f3n: 17 Parcela: 1 Partida Inmobiliaria: 78-57055\u201d se inform\u00f3 este lunes.<\/p><\/blockquote>\n<p>Desde el \u00e1rea de Planeamiento municipal se record\u00f3 que \u201cpor ordenanza en la franja de 50 metros de ancho a ambos lados del arroyo San Jacinto no se pueden levantar edificaciones de car\u00e1cter permanente. A su vez<strong> no se ha presentado expediente ni verificado el proyecto y cabe destacar que se trata de un \u00e1rea donde los lotes no pueden tener menos de ancho= 40 metros y superficie= 2000 metros cuadrados<\/strong>. Los lotes a la venta ten\u00edan una superficie menor a los 1000 metros cuadrados\u201d.<\/p>\n<p>Fue por ese motivo que, <strong>en noviembre de 2024, precisamente el \u00e1rea de Catastro inici\u00f3 un expediente<\/strong> y al mismo tiempo se realiz\u00f3 <strong>una investigaci\u00f3n interna<\/strong> conjuntamente con las \u00e1reas de Legales, Direcci\u00f3n de Obras Particulares y Planeamiento. Asimismo, en febrero de este a\u00f1o <strong>representantes municipales <a href=\"https:\/\/cdnoticias.com\/index.php\/2025\/02\/22\/vecinos-de-los-sauces-se-reunieron-con-funcionarios-municipales-por-venta-irregular-de-terrenos\/\" target=\"_blank\" rel=\"noopener\">se reunieron con vecinos<\/a> de la zona<\/strong> por el mismo tema.<\/p>\n<blockquote><p>El Municipio solicit\u00f3 que ante cualquier inquietud los vecinos se acerquen al Palacio Municipal para asesorarse y notificar una situaci\u00f3n irregular.<\/p><\/blockquote>\n<blockquote class=\"wp-embedded-content\" data-secret=\"X9aXTNN5Hn\"><p><a href=\"https:\/\/cdnoticias.com\/index.php\/2024\/11\/14\/el-municipio-denuncio-en-la-justicia-venta-ilegal-de-terrenos-en-la-zona-de-palos-de-colores\/\">El Municipio denunci\u00f3 en la Justicia venta ilegal de terrenos en la zona de Palos de Colores<\/a><\/p><\/blockquote>\n<p><iframe loading=\"lazy\" class=\"wp-embedded-content\" sandbox=\"allow-scripts\" security=\"restricted\" style=\"position: absolute; visibility: hidden;\" title=\"&#8220;El Municipio denunci\u00f3 en la Justicia venta ilegal de terrenos en la zona de Palos de Colores&#8221; &#8212; Central de Noticias | Olavarr\u00eda\" src=\"https:\/\/cdnoticias.com\/index.php\/2024\/11\/14\/el-municipio-denuncio-en-la-justicia-venta-ilegal-de-terrenos-en-la-zona-de-palos-de-colores\/embed\/#?secret=9ImiA2pTiV#?secret=X9aXTNN5Hn\" data-secret=\"X9aXTNN5Hn\" width=\"600\" height=\"338\" frameborder=\"0\" marginwidth=\"0\" marginheight=\"0\" scrolling=\"no\"><\/iframe><\/p>\n","protected":false},"excerpt":{"rendered":"<p>\u201cA partir de consultas planteadas por vecinos y vecinas, el Municipio tom\u00f3 conocimiento nuevamente de movimientos en el sector\u201d se<\/p>\n","protected":false},"author":4,"featured_media":177907,"comment_status":"closed","ping_status":"closed","sticky":false,"template":"","format":"standard","meta":{"_jetpack_memberships_contains_paid_content":false,"footnotes":""},"categories":[5,1],"tags":[],"class_list":["post-177906","post","type-post","status-publish","format-standard","has-post-thumbnail","hentry","category-informacion-general","category-portada"],"jetpack_featured_media_url":"https:\/\/i0.wp.com\/cdnoticias.com\/wp-content\/uploads\/2025\/07\/Los-Sauces-1.jpeg?fit=900%2C500&ssl=1","jetpack_sharing_enabled":true,"_links":{"self":[{"href":"https:\/\/cdnoticias.com\/index.php\/wp-json\/wp\/v2\/posts\/177906","targetHints":{"allow":["GET"]}}],"collection":[{"href":"https:\/\/cdnoticias.com\/index.php\/wp-json\/wp\/v2\/posts"}],"about":[{"href":"https:\/\/cdnoticias.com\/index.php\/wp-json\/wp\/v2\/types\/post"}],"author":[{"embeddable":true,"href":"https:\/\/cdnoticias.com\/index.php\/wp-json\/wp\/v2\/users\/4"}],"replies":[{"embeddable":true,"href":"https:\/\/cdnoticias.com\/index.php\/wp-json\/wp\/v2\/comments?post=177906"}],"version-history":[{"count":0,"href":"https:\/\/cdnoticias.com\/index.php\/wp-json\/wp\/v2\/posts\/177906\/revisions"}],"wp:featuredmedia":[{"embeddable":true,"href":"https:\/\/cdnoticias.com\/index.php\/wp-json\/wp\/v2\/media\/177907"}],"wp:attachment":[{"href":"https:\/\/cdnoticias.com\/index.php\/wp-json\/wp\/v2\/media?parent=177906"}],"wp:term":[{"taxonomy":"category","embeddable":true,"href":"https:\/\/cdnoticias.com\/index.php\/wp-json\/wp\/v2\/categories?post=177906"},{"taxonomy":"post_tag","embeddable":true,"href":"https:\/\/cdnoticias.com\/index.php\/wp-json\/wp\/v2\/tags?post=177906"}],"curies":[{"name":"wp","href":"https:\/\/api.w.org\/{rel}","templated":true}]}}