{"id":177848,"date":"2025-07-27T17:36:19","date_gmt":"2025-07-27T20:36:19","guid":{"rendered":"https:\/\/cdnoticias.com\/?p=177848"},"modified":"2025-07-27T20:32:21","modified_gmt":"2025-07-27T23:32:21","slug":"milei-anuncio-la-reduccion-permanente-de-varias-retenciones-a-los-granos-y-la-carnes","status":"publish","type":"post","link":"https:\/\/cdnoticias.com\/index.php\/2025\/07\/27\/milei-anuncio-la-reduccion-permanente-de-varias-retenciones-a-los-granos-y-la-carnes\/","title":{"rendered":"Milei anunci\u00f3 la reducci\u00f3n \u201cpermanente\u201d de varias retenciones a los granos y la carnes"},"content":{"rendered":"\n<p>El Presidente dijo que con la medida buscan &#8220;dar un fuerte impulso al campo, fuertemente castigado por estos impuestos en los \u00faltimos 20 a\u00f1os&#8221;. La rebaja para granos es del 20% y para carnes, del 26%.<\/p>\n\n\n\n<hr class=\"wp-block-separator aligncenter has-alpha-channel-opacity\"\/>\n\n\n\n<p>El <strong>presidente Javier Milei <\/strong>anunci\u00f3 este s\u00e1bado en la <strong>137\u00b0 Exposici\u00f3n Rural de Palermo<\/strong> la <strong>reducci\u00f3n de las retenciones de manera \u201cpermanente\u201d a varios productos del campo<\/strong>, incluyendo <strong>carnes y tambi\u00e9n granos<\/strong>,\u00a0 tras una fuerte expectativa por parte del sector.<\/p>\n\n\n\n<p><\/p>\n\n\n\n<p>De acuerdo a lo que enumer\u00f3, desde hoy los porcentajes quedan de la siguiente manera: \u201c<strong>A la carne aviar y vacuna se reducir\u00e1n del 6,75% al 5%, al ma\u00edz del 12% a 9,5%, al sorgo de 12% a 9,5%, al girasol del 7,5% al 5,5%, a la soja del 33% al 26%, y a los subproductos de soja del 31% al 24,5%\u201d.<\/strong><\/p>\n\n\n\n<p><\/p>\n\n\n\n<p><em>\u201cDe la catarata de problemas, s\u00f3lo queda el yunque m\u00e1s pesado. Las retenciones. Por eso quiero hacer un importante anuncio sobre este gran flagelo que nunca deber\u00eda haber existido\u201d,<\/em> expres\u00f3 Milei.\u00a0<\/p>\n\n\n\n<p><\/p>\n\n\n\n<blockquote class=\"wp-block-quote is-layout-flow wp-block-quote-is-layout-flow\">\n<p>En tanto, asegur\u00f3 que estas bajas \u201credundan en una reducci\u00f3n de retenciones de las al\u00edcuotas para las cadenas de granos del 20%; y en una reducci\u00f3n de retenciones a la cadena de ganado y carnes del 26%\u201d. Tras ello, confirm\u00f3 que las reducciones ser\u00e1n \u201cpermanentes\u201d y no transitorias.<\/p>\n<\/blockquote>\n\n\n\n<p><\/p>\n\n\n\n<p>\u201cBuscamos dar impulso al campo, <strong>fuertemente castigado por estos impuestos<\/strong> en los \u00faltimos 20 a\u00f1os. Repito, <strong>estas reducciones son permanentes y no tendr\u00e1n vuelta atr\u00e1s mientras yo est\u00e9 en el gobierno.<\/strong> Eliminar las retenciones es una obsesi\u00f3n para nuestra gesti\u00f3n y hemos hecho muchos avances en esa direcci\u00f3n\u201d, insisti\u00f3 el Presidente.<\/p>\n\n\n\n<p><\/p>\n\n\n\n<blockquote class=\"wp-block-quote is-layout-flow wp-block-quote-is-layout-flow\">\n<p>\u201cEs importante tener presente que esto es \u00fanicamente gracias al super\u00e1vit fiscal que hemos conseguido, que lo cuidamos como agua en el desierto ante los embates sistem\u00e1ticos de la casta pol\u00edtica\u201d agreg\u00f3.\u00a0<\/p>\n<\/blockquote>\n\n\n\n<p><\/p>\n\n\n\n<p>Minutos m\u00e1s tarde, desde la Oficina de Presidencia emitieron un comunicado sobre el anuncio: \u201c<em>El <strong>campo argentino<\/strong>, columna vertebral de nuestra econom\u00eda, ha sido una de las <strong>principales v\u00edctimas de las pol\u00edticas implementadas durante d\u00e9cadas<\/strong> por la casta pol\u00edtica empobrecedora que sostuvo su modelo econ\u00f3mico basado en el robo sistem\u00e1tico del fruto del trabajo ajeno. Y no lo hizo solamente con las retenciones, tambi\u00e9n lo hizo con otros cepos cambiarios, m\u00faltiples tipos de cambio, tasas desproporcionadas, excesiva burocracia e incrementos continuos de impuestos; <strong>todas pr\u00e1cticas eliminadas por este gobierno\u201d<\/strong>,<\/em> dice el escrito.<\/p>\n\n\n\n<p><\/p>\n\n\n\n<p>\u201cEl gran campo argentino <strong>tiene en el presidente Milei un aliado <\/strong>que lo ve como el <strong>motor de crecimiento del pa\u00eds, <\/strong>y no como una caja para saquear y hacer pol\u00edtica. Este gobierno conf\u00eda en su potencial para continuar sirviendo a la Patria, cultivando nuestras tierras y posicion\u00e1ndose como l\u00edderes del sector en el mundo\u201d cerraron en el comunicado nacional. <\/p>\n\n\n\n<p><\/p>\n\n\n\n<h3 class=\"wp-block-heading\"><strong>El discurso de Nicol\u00e1s Pino<\/strong><\/h3>\n\n\n\n<p>El primero en hablar este s\u00e1bado en el acto en Palermo fue el <strong>presidente de la Sociedad Rural Argentina (SRA), Nicol\u00e1s Pino<\/strong>, quien realiz\u00f3 una cr\u00edtica a la continuidad de las retenciones.\u00a0<\/p>\n\n\n\n<p><\/p>\n\n\n\n<blockquote class=\"wp-block-quote is-layout-flow wp-block-quote-is-layout-flow\">\n<p>Destac\u00f3, en resumen, que no solo da\u00f1a a los productores, sino a la sociedad como pa\u00eds debido a que son un obst\u00e1culo que paraliza al sector y no le permite expresar su potencial.<\/p>\n<\/blockquote>\n\n\n\n<p><\/p>\n\n\n\n<p>\u201cMientras hac\u00edamos el discurso debatimos si \u00edbamos a hablar en tono pesimista u optimista, pero decidimos que \u00edbamos a ser realistas. Tenemos que reconocer los avances que ha habido en el pa\u00eds desde el a\u00f1o pasado y lo que falta por hacer, pero sabemos a d\u00f3nde no queremos volver\u201d expres\u00f3. <\/p>\n\n\n\n<p><\/p>\n\n\n\n<p><strong><em>\u201cSi tuvi\u00e9ramos las condiciones adecuadas, podr\u00edamos producir el doble de lo que hacemos. La funci\u00f3n del Estado no es ni reemplazar ni trabar nuestra actividad, debe generar condiciones que permitan la producci\u00f3n. Los argentinos no podemos perder otra oportunidad\u201d<\/em><\/strong> agreg\u00f3 Pino.<\/p>\n\n\n\n<p><\/p>\n\n\n\n<p>Asimismo, sostuvo: \u201c\u00bfCu\u00e1les son las condiciones que pedimos? Que se contin\u00fae reduciendo la carga impositiva, para liberar nuestra capacidad productiva. Esto incluye, ante todo, eliminar las retenciones. Pero tambi\u00e9n eliminar las superposiciones impositivas. Un caso importante es el impuesto a los ingresos brutos establecido por algunas provincias, cuyo peso monetario es tal que en algunos casos iguala o supera al de las retenciones\u201d.<\/p>\n\n\n\n<p><\/p>\n\n\n\n<p>Por \u00faltimo, Pino habl\u00f3 del<strong> Instituto Nacional de Tecnolog\u00eda Agropecuaria <\/strong>(INTA), recientemente <strong>reestructurado por el Gobierno <\/strong>a trav\u00e9s de cambios en el directorio y la apertura de retiros voluntarios: \u201c<em>Debe seguir existiendo. Debe dedicarse a la investigaci\u00f3n y al desarrollo al servicio de los productores; seguir trabajando en el campo de la biotecnolog\u00eda y continuar desarrollando nuestras herramientas, adaptando las tradicionales y dando acceso a las nuevas, incluidas la inteligencia artificial y la rob\u00f3tica\u201d.\u00a0<\/em><\/p>\n\n\n\n<p><\/p>\n\n\n\n<p><em>Fuente: DIB\u00a0<\/em><\/p>\n","protected":false},"excerpt":{"rendered":"<p>El Presidente dijo que con la medida buscan &#8220;dar un fuerte impulso al campo, fuertemente castigado por estos impuestos en<\/p>\n","protected":false},"author":6,"featured_media":133562,"comment_status":"closed","ping_status":"closed","sticky":false,"template":"","format":"standard","meta":{"_jetpack_memberships_contains_paid_content":false,"footnotes":""},"categories":[6],"tags":[],"class_list":["post-177848","post","type-post","status-publish","format-standard","has-post-thumbnail","hentry","category-nacionales"],"jetpack_featured_media_url":"https:\/\/i0.wp.com\/cdnoticias.com\/wp-content\/uploads\/2024\/12\/javier-milei-2.jpg?fit=800%2C445&ssl=1","jetpack_sharing_enabled":true,"_links":{"self":[{"href":"https:\/\/cdnoticias.com\/index.php\/wp-json\/wp\/v2\/posts\/177848","targetHints":{"allow":["GET"]}}],"collection":[{"href":"https:\/\/cdnoticias.com\/index.php\/wp-json\/wp\/v2\/posts"}],"about":[{"href":"https:\/\/cdnoticias.com\/index.php\/wp-json\/wp\/v2\/types\/post"}],"author":[{"embeddable":true,"href":"https:\/\/cdnoticias.com\/index.php\/wp-json\/wp\/v2\/users\/6"}],"replies":[{"embeddable":true,"href":"https:\/\/cdnoticias.com\/index.php\/wp-json\/wp\/v2\/comments?post=177848"}],"version-history":[{"count":0,"href":"https:\/\/cdnoticias.com\/index.php\/wp-json\/wp\/v2\/posts\/177848\/revisions"}],"wp:featuredmedia":[{"embeddable":true,"href":"https:\/\/cdnoticias.com\/index.php\/wp-json\/wp\/v2\/media\/133562"}],"wp:attachment":[{"href":"https:\/\/cdnoticias.com\/index.php\/wp-json\/wp\/v2\/media?parent=177848"}],"wp:term":[{"taxonomy":"category","embeddable":true,"href":"https:\/\/cdnoticias.com\/index.php\/wp-json\/wp\/v2\/categories?post=177848"},{"taxonomy":"post_tag","embeddable":true,"href":"https:\/\/cdnoticias.com\/index.php\/wp-json\/wp\/v2\/tags?post=177848"}],"curies":[{"name":"wp","href":"https:\/\/api.w.org\/{rel}","templated":true}]}}