{"id":1778,"date":"2020-09-17T17:11:00","date_gmt":"2020-09-17T20:11:00","guid":{"rendered":"http:\/\/www.centraldenoticias.com.ar\/?p=1778"},"modified":"2020-09-17T19:42:06","modified_gmt":"2020-09-17T22:42:06","slug":"allanan-la-quinta-de-mauricio-macri-por-el-encuentro-con-ezequiel-galli","status":"publish","type":"post","link":"https:\/\/cdnoticias.com\/index.php\/2020\/09\/17\/allanan-la-quinta-de-mauricio-macri-por-el-encuentro-con-ezequiel-galli\/","title":{"rendered":"Allanan la quinta de Mauricio Macri por el encuentro con Ezequiel Galli"},"content":{"rendered":"<p>As\u00ed fue informado por medios nacionales. El procedimiento es llevado a cabo desde la polic\u00eda Federal por presunta violaci\u00f3n de cuarentena en el encuentro que el ex presidente mantuvo con intendentes, entre ellos Ezequiel Galli.<\/p>\n<hr \/>\n<p>&nbsp;<\/p>\n<p>En la jornada de este jueves <strong>personal de la polic\u00eda Federal realiz\u00f3 un allanamiento en la quinta de Mauricio Macri<\/strong>, en el marco de la investigaci\u00f3n de la presunta violaci\u00f3n de la cuarentena que el ex mandatario debi\u00f3 haber realizado tras regresar de Europa.<\/p>\n<p>&nbsp;<\/p>\n<blockquote class=\"twitter-tweet\" data-width=\"550\" data-dnt=\"true\">\n<p lang=\"es\" dir=\"ltr\">\ud83d\udd34 AHORA | Operativo en la Quinta de Mauricio Macri: investigan al expresidente por presunta violaci\u00f3n de la cuarentena y revisan las c\u00e1maras de seguridad. Es por una reuni\u00f3n con intendentes tras su viaje a Europa. <a href=\"https:\/\/t.co\/HD5OpCJpIB\">pic.twitter.com\/HD5OpCJpIB<\/a><\/p>\n<p>&mdash; TN &#8211; Todo Noticias (@todonoticias) <a href=\"https:\/\/twitter.com\/todonoticias\/status\/1306681581076185088?ref_src=twsrc%5Etfw\">September 17, 2020<\/a><\/p><\/blockquote>\n<p><script async src=\"https:\/\/platform.twitter.com\/widgets.js\" charset=\"utf-8\"><\/script><\/p>\n<p>&nbsp;<\/p>\n<p>La noticia tiene sus r\u00e9plicas en nuestra ciudad ya que <strong>fue una reuni\u00f3n con intendentes, entre ellos Ezequiel Galli, el contexto en el que el ex presidente habr\u00eda incumplido con las medidas enmarcadas en el aislamiento social, preventivo y obligatorio<\/strong>. <a href=\"https:\/\/cdnoticias.com\/index.php\/2020\/09\/11\/galli-con-macri-era-una-reunion-necesaria\/\">&#8220;Fue una reuni\u00f3n necesaria&#8221;, hab\u00eda referido al respecto el jefe comunal olavarriense.<\/a><\/p>\n<p>&nbsp;<\/p>\n<blockquote class=\"twitter-tweet\" data-width=\"550\" data-dnt=\"true\">\n<p lang=\"es\" dir=\"ltr\">Con <a href=\"https:\/\/twitter.com\/martinyeza?ref_src=twsrc%5Etfw\">@martinyeza<\/a> y <a href=\"https:\/\/twitter.com\/rattofranc?ref_src=twsrc%5Etfw\">@rattofranc<\/a> mantuvimos una reuni\u00f3n con <a href=\"https:\/\/twitter.com\/mauriciomacri?ref_src=twsrc%5Etfw\">@mauriciomacri<\/a> en la que analizamos la dif\u00edcil situaci\u00f3n social y pol\u00edtica que atraviesa nuestro pa\u00eds y coincidimos en que Juntos por el Cambio debe volver a ser una alternativa confiable para todos los argentinos.<\/p>\n<p>&mdash; Ezequiel Galli (@ezequielgalli) <a href=\"https:\/\/twitter.com\/ezequielgalli\/status\/1304230134480805889?ref_src=twsrc%5Etfw\">September 11, 2020<\/a><\/p><\/blockquote>\n<p><script async src=\"https:\/\/platform.twitter.com\/widgets.js\" charset=\"utf-8\"><\/script><\/p>\n<p>&nbsp;<\/p>\n<p>Seg\u00fan reflejaron medios nacionales, el procedimiento es llevado a cabo por personal de la polic\u00eda Federal y tiene como objetivo, entre otras medidas, el<strong> secuestro de c\u00e1maras de seguridad para constatar si efectivamente se violaron las medidas de bioseguridad.<\/strong><\/p>\n","protected":false},"excerpt":{"rendered":"<p>As\u00ed fue informado por medios nacionales. El procedimiento es llevado a cabo desde la polic\u00eda Federal por presunta violaci\u00f3n de<\/p>\n","protected":false},"author":3,"featured_media":1779,"comment_status":"closed","ping_status":"closed","sticky":false,"template":"","format":"standard","meta":{"_jetpack_memberships_contains_paid_content":false,"footnotes":""},"categories":[4,1],"tags":[],"class_list":["post-1778","post","type-post","status-publish","format-standard","has-post-thumbnail","hentry","category-politica","category-portada"],"jetpack_featured_media_url":"https:\/\/i0.wp.com\/cdnoticias.com\/wp-content\/uploads\/2020\/09\/allana.jpg?fit=1366%2C701&ssl=1","jetpack_sharing_enabled":true,"_links":{"self":[{"href":"https:\/\/cdnoticias.com\/index.php\/wp-json\/wp\/v2\/posts\/1778","targetHints":{"allow":["GET"]}}],"collection":[{"href":"https:\/\/cdnoticias.com\/index.php\/wp-json\/wp\/v2\/posts"}],"about":[{"href":"https:\/\/cdnoticias.com\/index.php\/wp-json\/wp\/v2\/types\/post"}],"author":[{"embeddable":true,"href":"https:\/\/cdnoticias.com\/index.php\/wp-json\/wp\/v2\/users\/3"}],"replies":[{"embeddable":true,"href":"https:\/\/cdnoticias.com\/index.php\/wp-json\/wp\/v2\/comments?post=1778"}],"version-history":[{"count":0,"href":"https:\/\/cdnoticias.com\/index.php\/wp-json\/wp\/v2\/posts\/1778\/revisions"}],"wp:featuredmedia":[{"embeddable":true,"href":"https:\/\/cdnoticias.com\/index.php\/wp-json\/wp\/v2\/media\/1779"}],"wp:attachment":[{"href":"https:\/\/cdnoticias.com\/index.php\/wp-json\/wp\/v2\/media?parent=1778"}],"wp:term":[{"taxonomy":"category","embeddable":true,"href":"https:\/\/cdnoticias.com\/index.php\/wp-json\/wp\/v2\/categories?post=1778"},{"taxonomy":"post_tag","embeddable":true,"href":"https:\/\/cdnoticias.com\/index.php\/wp-json\/wp\/v2\/tags?post=1778"}],"curies":[{"name":"wp","href":"https:\/\/api.w.org\/{rel}","templated":true}]}}