{"id":177781,"date":"2025-07-26T14:50:12","date_gmt":"2025-07-26T17:50:12","guid":{"rendered":"https:\/\/cdnoticias.com\/?p=177781"},"modified":"2025-07-26T20:39:13","modified_gmt":"2025-07-26T23:39:13","slug":"reunion-de-autoridades-de-la-fiscalia-general-de-azul-con-el-ministerio-de-seguridad-de-la-nacion","status":"publish","type":"post","link":"https:\/\/cdnoticias.com\/index.php\/2025\/07\/26\/reunion-de-autoridades-de-la-fiscalia-general-de-azul-con-el-ministerio-de-seguridad-de-la-nacion\/","title":{"rendered":"Reuni\u00f3n de autoridades de la Fiscal\u00eda General de Azul con el Ministerio de Seguridad de la Naci\u00f3n"},"content":{"rendered":"<p>Se concret\u00f3 para delinear actividades de capacitaci\u00f3n y convenios de cooperaci\u00f3n.<!--more--><\/p>\n<hr \/>\n<p>Autoridades de la <strong>Fiscal\u00eda General de Azul y del Ministerio de Seguridad de la Naci\u00f3n<\/strong> mantuvieron una reuni\u00f3n.<\/p>\n<p>Se dio a conocer que se trat\u00f3 de<strong> \u201cactividades de relaciones institucionales\u201d<\/strong> para informar que el <strong>fiscal general de Azul Dr. Marcelo Sobrino<\/strong> \u201cmantuvo reuniones delineando <strong>actividades de capacitaci\u00f3n y convenios de cooperaci\u00f3n<\/strong> con las autoridades de la<strong> Secretar\u00eda de Investigaci\u00f3n criminal del Ministerio de Seguridad de la Naci\u00f3n\u201d<\/strong>.<\/p>\n<p>Para ello, mantuvo un encuentro con el <em>secretario de Investigaciones Criminales, Dr. Marcelo Romero; el director del sistema inform\u00e1tico Federal de Comunicaci\u00f3n Policial SIFCOP, Dr. Diego Cancogni; y el director de Gesti\u00f3n de Bases de Datos de Seguridad, licenciado Maximiliano Scarimbolo<\/em>.<\/p>\n","protected":false},"excerpt":{"rendered":"<p>Se concret\u00f3 para delinear actividades de capacitaci\u00f3n y convenios de cooperaci\u00f3n.<\/p>\n","protected":false},"author":4,"featured_media":177782,"comment_status":"closed","ping_status":"closed","sticky":false,"template":"","format":"standard","meta":{"_jetpack_memberships_contains_paid_content":false,"footnotes":""},"categories":[5,1],"tags":[],"class_list":["post-177781","post","type-post","status-publish","format-standard","has-post-thumbnail","hentry","category-informacion-general","category-portada"],"jetpack_featured_media_url":"https:\/\/i0.wp.com\/cdnoticias.com\/wp-content\/uploads\/2025\/07\/fiscal-general-marcelo-sobrino-ministerio-de-seguridad-de-la-nacion.jpg?fit=1000%2C556&ssl=1","jetpack_sharing_enabled":true,"_links":{"self":[{"href":"https:\/\/cdnoticias.com\/index.php\/wp-json\/wp\/v2\/posts\/177781","targetHints":{"allow":["GET"]}}],"collection":[{"href":"https:\/\/cdnoticias.com\/index.php\/wp-json\/wp\/v2\/posts"}],"about":[{"href":"https:\/\/cdnoticias.com\/index.php\/wp-json\/wp\/v2\/types\/post"}],"author":[{"embeddable":true,"href":"https:\/\/cdnoticias.com\/index.php\/wp-json\/wp\/v2\/users\/4"}],"replies":[{"embeddable":true,"href":"https:\/\/cdnoticias.com\/index.php\/wp-json\/wp\/v2\/comments?post=177781"}],"version-history":[{"count":0,"href":"https:\/\/cdnoticias.com\/index.php\/wp-json\/wp\/v2\/posts\/177781\/revisions"}],"wp:featuredmedia":[{"embeddable":true,"href":"https:\/\/cdnoticias.com\/index.php\/wp-json\/wp\/v2\/media\/177782"}],"wp:attachment":[{"href":"https:\/\/cdnoticias.com\/index.php\/wp-json\/wp\/v2\/media?parent=177781"}],"wp:term":[{"taxonomy":"category","embeddable":true,"href":"https:\/\/cdnoticias.com\/index.php\/wp-json\/wp\/v2\/categories?post=177781"},{"taxonomy":"post_tag","embeddable":true,"href":"https:\/\/cdnoticias.com\/index.php\/wp-json\/wp\/v2\/tags?post=177781"}],"curies":[{"name":"wp","href":"https:\/\/api.w.org\/{rel}","templated":true}]}}