{"id":177734,"date":"2025-07-26T17:00:19","date_gmt":"2025-07-26T20:00:19","guid":{"rendered":"https:\/\/cdnoticias.com\/?p=177734"},"modified":"2025-07-26T17:00:21","modified_gmt":"2025-07-26T20:00:21","slug":"pettovello-cerro-el-registro-nacional-de-comedores-y-merenderos-comunitarios","status":"publish","type":"post","link":"https:\/\/cdnoticias.com\/index.php\/2025\/07\/26\/pettovello-cerro-el-registro-nacional-de-comedores-y-merenderos-comunitarios\/","title":{"rendered":"Pettovello cerr\u00f3 el Registro Nacional de Comedores y Merenderos Comunitarios"},"content":{"rendered":"\n<p>El Ministerio de Capital Humano elimin\u00f3 la entidad que relevaba informaci\u00f3n sobre los lugares que brindaban asistencia alimentaria en todo el pa\u00eds.<\/p>\n\n\n\n<hr class=\"wp-block-separator aligncenter has-alpha-channel-opacity\"\/>\n\n\n\n<p>La ministra de Capital Humano, <strong>Sandra Pettovello, autoriz\u00f3 el cierre del Registro Nacional de Comedores y Merenderos Comunitarios<\/strong> (ReNaCOM), entidad destinada a<strong> relevar informaci\u00f3n sobre lugares que brindaban asistencia alimentaria en todo el pa\u00eds.<\/strong><\/p>\n\n\n\n<p><\/p>\n\n\n\n<p>Mediante la Resoluci\u00f3n 393\/2025 publicada en el Bolet\u00edn Oficial, bajo la firma del secretario Juan Bautista Ordo\u00f1ez, se inform\u00f3 que, a partir de ahora, <strong>la supervisi\u00f3n de los comedores se llevar\u00e1 a cabo de manera presencial y mediante el uso de tecnolog\u00edas <\/strong>para \u201c<strong>optimizar los recursos p\u00fablicos\u201d y \u201cmejorar\u201d los recursos administrativos.<\/strong><\/p>\n\n\n\n<p><\/p>\n\n\n\n<p>En declaraciones a Noticias Argentinas Nicol\u00e1s Caropresi, integrante de la Uni\u00f3n de Trabajadores y Trabajadoras de la Econom\u00eda Popular (UTEP), se\u00f1al\u00f3 que la gesti\u00f3n de Pettovello utiliz\u00f3 registros incompletos para<strong> \u201catacar\u201d al sector, diciendo que hab\u00eda \u201ccomedores fantasmas<\/strong>\u201d sin siquiera chequear la existencia de los mismos.<\/p>\n\n\n\n<p><\/p>\n\n\n\n<blockquote class=\"wp-block-quote is-layout-flow wp-block-quote-is-layout-flow\">\n<p>\u201cEste Registro permit\u00eda hacer un seguimiento de la pol\u00edtica p\u00fablica y tambi\u00e9n de la demanda o la necesidad en el territorio de los comedores. No ten\u00eda una incidencia directa en los que recib\u00edan o no recib\u00edan, porque la red de comedores existe hace ya casi 20 a\u00f1os con altibajos y algunos ten\u00edan convenios de hace m\u00e1s de 10 \u00f3 15 a\u00f1os. No era nuestro caso, pero hab\u00eda organizaciones que s\u00ed lo eran\u201d, explic\u00f3 el dirigente. <\/p>\n<\/blockquote>\n\n\n\n<p><\/p>\n\n\n\n<p>Por otra parte, record\u00f3 que, <strong>desde que asumi\u00f3 el gobierno Javier Milei, &#8220;dejaron de entregar alimentos\u201d <\/strong>y que, lo que est\u00e1n haciendo hoy es \u201cgenerar m\u00e1s oscuridad alrededor del tema<em>\u201d<\/em>.<\/p>\n\n\n\n<p><\/p>\n\n\n\n<p><strong><em>\u201cSi exist\u00eda la posibilidad de tener un registro, de tener un seguimiento de esa pol\u00edtica e, incluso, hasta de tener un seguimiento de valores nutricionales en los platos que se serv\u00edan, hoy se est\u00e1 generando una oscuridad donde antes se estaba intentando poner algo de luz y claridad\u201d, <\/em><\/strong>manifest\u00f3 Caropresi.<\/p>\n\n\n\n<p><\/p>\n\n\n\n<p>Para finalizar, remarc\u00f3 que \u201cno se est\u00e1 generando otro proceso\u201d, debido a que las auditor\u00edas y las visitas a comedores que el Gobierno Nacional y el Ministerio de Capital Humano dec\u00edan que estaban llevando a cabo \u201ces mentira\u201d: \u201cHabr\u00e1n visitado menos del 10% de los comedores que existen\u201d, a\u00f1adi\u00f3.<\/p>\n\n\n\n<p><\/p>\n\n\n\n<p>\u201cCuando hicieron esa campa\u00f1a de auditor\u00eda, no sirvi\u00f3 para nada. Solo est\u00e1n vaciando pol\u00edticas que serv\u00edan para el diagn\u00f3stico y el seguimiento.<strong> No les interesa ver el estado y la situaci\u00f3n alimentaria y nutricional de los argentinos y las argentinas\u201d<em>,<\/em> <\/strong>concluy\u00f3.<\/p>\n\n\n\n<p><\/p>\n\n\n\n<p><em>Fuente: DIB<\/em><\/p>\n\n\n\n<p><\/p>\n","protected":false},"excerpt":{"rendered":"<p>El Ministerio de Capital Humano elimin\u00f3 la entidad que relevaba informaci\u00f3n sobre los lugares que brindaban asistencia alimentaria en todo<\/p>\n","protected":false},"author":6,"featured_media":177735,"comment_status":"closed","ping_status":"closed","sticky":false,"template":"","format":"standard","meta":{"_jetpack_memberships_contains_paid_content":false,"footnotes":""},"categories":[6,1],"tags":[],"class_list":["post-177734","post","type-post","status-publish","format-standard","has-post-thumbnail","hentry","category-nacionales","category-portada"],"jetpack_featured_media_url":"https:\/\/i0.wp.com\/cdnoticias.com\/wp-content\/uploads\/2025\/07\/sandra-pettovelo.webp?fit=655%2C368&ssl=1","jetpack_sharing_enabled":true,"_links":{"self":[{"href":"https:\/\/cdnoticias.com\/index.php\/wp-json\/wp\/v2\/posts\/177734","targetHints":{"allow":["GET"]}}],"collection":[{"href":"https:\/\/cdnoticias.com\/index.php\/wp-json\/wp\/v2\/posts"}],"about":[{"href":"https:\/\/cdnoticias.com\/index.php\/wp-json\/wp\/v2\/types\/post"}],"author":[{"embeddable":true,"href":"https:\/\/cdnoticias.com\/index.php\/wp-json\/wp\/v2\/users\/6"}],"replies":[{"embeddable":true,"href":"https:\/\/cdnoticias.com\/index.php\/wp-json\/wp\/v2\/comments?post=177734"}],"version-history":[{"count":0,"href":"https:\/\/cdnoticias.com\/index.php\/wp-json\/wp\/v2\/posts\/177734\/revisions"}],"wp:featuredmedia":[{"embeddable":true,"href":"https:\/\/cdnoticias.com\/index.php\/wp-json\/wp\/v2\/media\/177735"}],"wp:attachment":[{"href":"https:\/\/cdnoticias.com\/index.php\/wp-json\/wp\/v2\/media?parent=177734"}],"wp:term":[{"taxonomy":"category","embeddable":true,"href":"https:\/\/cdnoticias.com\/index.php\/wp-json\/wp\/v2\/categories?post=177734"},{"taxonomy":"post_tag","embeddable":true,"href":"https:\/\/cdnoticias.com\/index.php\/wp-json\/wp\/v2\/tags?post=177734"}],"curies":[{"name":"wp","href":"https:\/\/api.w.org\/{rel}","templated":true}]}}