{"id":177719,"date":"2025-07-25T16:30:36","date_gmt":"2025-07-25T19:30:36","guid":{"rendered":"https:\/\/cdnoticias.com\/?p=177719"},"modified":"2025-07-25T16:30:37","modified_gmt":"2025-07-25T19:30:37","slug":"coopelectric-estuvo-presente-en-la-reunion-de-apeba","status":"publish","type":"post","link":"https:\/\/cdnoticias.com\/index.php\/2025\/07\/25\/coopelectric-estuvo-presente-en-la-reunion-de-apeba\/","title":{"rendered":"Coopelectric estuvo presente en la reuni\u00f3n de APEBA"},"content":{"rendered":"\n<p>Se llev\u00f3 a cabo en la ciudad de Chacabuco y adem\u00e1s estuvieron presentes las autoridades de las cooperativas de Luj\u00e1n, Azul, Col\u00f3n, Necochea, 9 de Julio, Pergamino, Salto, Tres Arroyos; Saladillo, San Pedro, Z\u00e1rate y la Usina Popular de Tandil.<\/p>\n\n\n\n<hr class=\"wp-block-separator aligncenter has-alpha-channel-opacity\"\/>\n\n\n\n<p>El presidente del Consejo de Administraci\u00f3n de Coopelectric<strong> Alberto Miotti <\/strong>y el gerente de Coordinaci\u00f3n Ejecutiva <strong>Oscar L\u00f3pez<\/strong>, participaron este jueves de la <strong>reuni\u00f3n mensual del Consejo de Administraci\u00f3n de la Federaci\u00f3n de Cooperativas de Prestadores El\u00e9ctricos de la Provincia de Buenos Aires (APEBA), <\/strong>organizaci\u00f3n de segundo grado que re\u00fane a las distribuidoras el\u00e9ctricas y municipales m\u00e1s importantes del \u00e1mbito bonaerense.<\/p>\n\n\n\n<p><\/p>\n\n\n\n<p>La reuni\u00f3n se llev\u00f3 a cabo en la<strong> ciudad de Chacabuco<\/strong> y adem\u00e1s de Coopelectric estuvieron presentes las autoridades de las cooperativas de Luj\u00e1n, Azul, Col\u00f3n, Necochea, 9 de Julio, Pergamino, Salto, Tres Arroyos; Saladillo, San Pedro, Z\u00e1rate y la Usina Popular de Tandil.<\/p>\n\n\n\n<p><\/p>\n\n\n\n<p>El encuentro fue encabezado por Oreste Binetti, presidente de la Federaci\u00f3n APEBA y de la Cooperativa El\u00e9ctrica de Luj\u00e1n junto a Omar Grossi, vicepresidente de la Cooperativa El\u00e9ctrica de Chacabuco.<\/p>\n\n\n\n<p><\/p>\n\n\n\n<blockquote class=\"wp-block-quote is-layout-flow wp-block-quote-is-layout-flow\">\n<p>Entre los temas se destacaron las firmas de los acuerdos de regularizaci\u00f3n de deuda de las distribuidoras el\u00e9ctricas con la Compa\u00f1\u00eda Administradora del Mercado Mayorista El\u00e9ctrico Sociedad An\u00f3nima (CAMMESA) y la Subsecretar\u00eda de Energ\u00eda de la Naci\u00f3n, en el marco del DNU 186\/2025.\u00a0<\/p>\n<\/blockquote>\n\n\n\n<p><\/p>\n\n\n\n<p>Asimismo, se trat\u00f3 la necesidad de actualizaci\u00f3n de los ingresos de las Cooperativas a trav\u00e9s del Valor Agregado de Distribuci\u00f3n. Por \u00faltimo se abordaron <strong>tem\u00e1ticas comunes que hacen al desarrollo del sector el\u00e9ctrico<\/strong>, las acciones llevadas adelante por APEBA ante organismos provinciales y nacionales, las gestiones desarrolladas en las entidades de las que participa la Federaci\u00f3n, entre otros.<\/p>\n\n\n\n<p><\/p>\n\n\n\n<p><strong>Federaci\u00f3n APEBA<\/strong><\/p>\n\n\n\n<p>Es una entidad de segundo grado <strong>integrada por 14 distribuidoras que prestan el servicio el\u00e9ctrico a alrededor de 500.000 usuarios bonaerenses. <\/strong>Dichas entidades comparten el inter\u00e9s de afrontar los desaf\u00edos del sector el\u00e9ctrico mediante la participaci\u00f3n activa de sus integrantes y la defensa de sus comunidades.<\/p>\n\n\n\n<p><\/p>\n\n\n\n<p>Los encuentros se realizan mensualmente de manera rotativa en las diferentes instituciones que la integran con la finalidad de abordar problem\u00e1ticas y situaciones comunes a todas las distribuidoras. En tal sentido, y a trav\u00e9s de las decisiones acordadas, se llevan a cabo gestiones de car\u00e1cter interfederativo, de \u00edndole t\u00e9cnica e institucional.<\/p>\n","protected":false},"excerpt":{"rendered":"<p>Se llev\u00f3 a cabo en la ciudad de Chacabuco y adem\u00e1s estuvieron presentes las autoridades de las cooperativas de Luj\u00e1n,<\/p>\n","protected":false},"author":6,"featured_media":177720,"comment_status":"closed","ping_status":"closed","sticky":false,"template":"","format":"standard","meta":{"_jetpack_memberships_contains_paid_content":false,"footnotes":""},"categories":[5,1],"tags":[],"class_list":["post-177719","post","type-post","status-publish","format-standard","has-post-thumbnail","hentry","category-informacion-general","category-portada"],"jetpack_featured_media_url":"https:\/\/i0.wp.com\/cdnoticias.com\/wp-content\/uploads\/2025\/07\/coopelectric-apeba-reunion.jpg?fit=900%2C617&ssl=1","jetpack_sharing_enabled":true,"_links":{"self":[{"href":"https:\/\/cdnoticias.com\/index.php\/wp-json\/wp\/v2\/posts\/177719","targetHints":{"allow":["GET"]}}],"collection":[{"href":"https:\/\/cdnoticias.com\/index.php\/wp-json\/wp\/v2\/posts"}],"about":[{"href":"https:\/\/cdnoticias.com\/index.php\/wp-json\/wp\/v2\/types\/post"}],"author":[{"embeddable":true,"href":"https:\/\/cdnoticias.com\/index.php\/wp-json\/wp\/v2\/users\/6"}],"replies":[{"embeddable":true,"href":"https:\/\/cdnoticias.com\/index.php\/wp-json\/wp\/v2\/comments?post=177719"}],"version-history":[{"count":0,"href":"https:\/\/cdnoticias.com\/index.php\/wp-json\/wp\/v2\/posts\/177719\/revisions"}],"wp:featuredmedia":[{"embeddable":true,"href":"https:\/\/cdnoticias.com\/index.php\/wp-json\/wp\/v2\/media\/177720"}],"wp:attachment":[{"href":"https:\/\/cdnoticias.com\/index.php\/wp-json\/wp\/v2\/media?parent=177719"}],"wp:term":[{"taxonomy":"category","embeddable":true,"href":"https:\/\/cdnoticias.com\/index.php\/wp-json\/wp\/v2\/categories?post=177719"},{"taxonomy":"post_tag","embeddable":true,"href":"https:\/\/cdnoticias.com\/index.php\/wp-json\/wp\/v2\/tags?post=177719"}],"curies":[{"name":"wp","href":"https:\/\/api.w.org\/{rel}","templated":true}]}}