{"id":177712,"date":"2025-07-25T13:02:33","date_gmt":"2025-07-25T16:02:33","guid":{"rendered":"https:\/\/cdnoticias.com\/?p=177712"},"modified":"2025-07-25T13:02:35","modified_gmt":"2025-07-25T16:02:35","slug":"flexibilizan-los-tipos-de-electrodomesticos-que-se-pueden-ingresar-del-exterior","status":"publish","type":"post","link":"https:\/\/cdnoticias.com\/index.php\/2025\/07\/25\/flexibilizan-los-tipos-de-electrodomesticos-que-se-pueden-ingresar-del-exterior\/","title":{"rendered":"Flexibilizan los tipos de electrodom\u00e9sticos que se pueden ingresar del exterior"},"content":{"rendered":"<p>El Gobierno flexibiliz\u00f3 el ingreso de art\u00edculos no incluidos en el r\u00e9gimen de equipaje. El tr\u00e1mite disponible se realiza online.<!--more--><\/p>\n<hr \/>\n<p>La <strong>Agencia de Recaudaci\u00f3n y Control Aduanero (ARCA)<\/strong>, a trav\u00e9s de la Direcci\u00f3n General de Aduanas, oficializ\u00f3 un <strong>nuevo procedimiento para permitir el ingreso de productos personales adquiridos en el exterior<\/strong> que no est\u00e1n incluidos dentro del r\u00e9gimen de equipaje tradicional.<\/p>\n<blockquote><p>La medida busca simplificar y desburocratizar el ingreso de mercader\u00edas para uso particular, en l\u00ednea con la pol\u00edtica de desregulaci\u00f3n impulsada por el Gobierno Nacional. A partir de ahora, los viajeros mayores de 16 a\u00f1os podr\u00e1n ingresar hasta una unidad por a\u00f1o calendario de un art\u00edculo nuevo no contemplado en la Resoluci\u00f3n ANA N.\u00ba 3.751\/94 \u2014normativa que regula el equipaje permitido\u2014, siempre que el producto sea para uso propio y no tenga fines comerciales.<\/p><\/blockquote>\n<p>El tr\u00e1mite deber\u00e1 realizarse a trav\u00e9s del<strong> formulario digital OM2153-A, en el micrositio \u201cViajeros\u201d<\/strong>, disponible en el sitio web de ARCA, y tendr\u00e1 car\u00e1cter de declaraci\u00f3n jurada. El sistema generar\u00e1 una <strong>liquidaci\u00f3n de impuestos, cuyo pago habilitar\u00e1 la importaci\u00f3n.<\/strong><\/p>\n<p>El <strong>ministro de Desregulaci\u00f3n y Transformaci\u00f3n del Estado, Federico Sturzenegger<\/strong>, se refiri\u00f3 a esta iniciativa a trav\u00e9s de un relato sobre la prohibici\u00f3n de importar electrodom\u00e9sticos: \u201cComo se sabe, los argentinos cuando viajan pueden traer cosas en tanto no sean metralletas y bazucas, drogas, arqueolog\u00eda o productos para fines comerciales. Pues he aqu\u00ed, que entre los prohibidos, es decir equiparados en peligrosidad con las metralletas y un kilo de coca\u00edna, estaban los <strong>electrodom\u00e9sticos de l\u00ednea blanca\u201d<\/strong>. Y celebr\u00f3 que <strong>\u201cesta anomal\u00eda ha sido eliminada; desaparece esta prohibici\u00f3n\u201d<\/strong>.<\/p>\n<p>Este mecanismo se rige por lo establecido en la Resoluci\u00f3n General ARCA N.\u00ba 3172\/11 y no permite el uso de franquicias del r\u00e9gimen de equipaje. La importaci\u00f3n estar\u00e1 sujeta al pago de los aranceles correspondientes y al control de los organismos pertinentes en caso de corresponder. El objetivo de la medida es brindar <strong>claridad, trazabilidad y agilidad en la admisi\u00f3n de art\u00edculos de uso personal<\/strong> que, hasta ahora, quedaban en un \u00e1rea gris de la normativa aduanera.<\/p>\n<p>Fuente: <em>Agencia DIB<\/em><\/p>\n","protected":false},"excerpt":{"rendered":"<p>El Gobierno flexibiliz\u00f3 el ingreso de art\u00edculos no incluidos en el r\u00e9gimen de equipaje. El tr\u00e1mite disponible se realiza online.<\/p>\n","protected":false},"author":4,"featured_media":123510,"comment_status":"closed","ping_status":"closed","sticky":false,"template":"","format":"standard","meta":{"_jetpack_memberships_contains_paid_content":false,"footnotes":""},"categories":[6,1],"tags":[],"class_list":["post-177712","post","type-post","status-publish","format-standard","has-post-thumbnail","hentry","category-nacionales","category-portada"],"jetpack_featured_media_url":"https:\/\/i0.wp.com\/cdnoticias.com\/wp-content\/uploads\/2024\/08\/electrodomesticos-696x392-1.jpg?fit=696%2C392&ssl=1","jetpack_sharing_enabled":true,"_links":{"self":[{"href":"https:\/\/cdnoticias.com\/index.php\/wp-json\/wp\/v2\/posts\/177712","targetHints":{"allow":["GET"]}}],"collection":[{"href":"https:\/\/cdnoticias.com\/index.php\/wp-json\/wp\/v2\/posts"}],"about":[{"href":"https:\/\/cdnoticias.com\/index.php\/wp-json\/wp\/v2\/types\/post"}],"author":[{"embeddable":true,"href":"https:\/\/cdnoticias.com\/index.php\/wp-json\/wp\/v2\/users\/4"}],"replies":[{"embeddable":true,"href":"https:\/\/cdnoticias.com\/index.php\/wp-json\/wp\/v2\/comments?post=177712"}],"version-history":[{"count":0,"href":"https:\/\/cdnoticias.com\/index.php\/wp-json\/wp\/v2\/posts\/177712\/revisions"}],"wp:featuredmedia":[{"embeddable":true,"href":"https:\/\/cdnoticias.com\/index.php\/wp-json\/wp\/v2\/media\/123510"}],"wp:attachment":[{"href":"https:\/\/cdnoticias.com\/index.php\/wp-json\/wp\/v2\/media?parent=177712"}],"wp:term":[{"taxonomy":"category","embeddable":true,"href":"https:\/\/cdnoticias.com\/index.php\/wp-json\/wp\/v2\/categories?post=177712"},{"taxonomy":"post_tag","embeddable":true,"href":"https:\/\/cdnoticias.com\/index.php\/wp-json\/wp\/v2\/tags?post=177712"}],"curies":[{"name":"wp","href":"https:\/\/api.w.org\/{rel}","templated":true}]}}