{"id":177710,"date":"2025-07-25T16:09:26","date_gmt":"2025-07-25T19:09:26","guid":{"rendered":"https:\/\/cdnoticias.com\/?p=177710"},"modified":"2025-07-25T16:09:28","modified_gmt":"2025-07-25T19:09:28","slug":"el-gobierno-avanza-con-la-privatizacion-de-la-mayor-red-de-transmision-electrica-del-pais","status":"publish","type":"post","link":"https:\/\/cdnoticias.com\/index.php\/2025\/07\/25\/el-gobierno-avanza-con-la-privatizacion-de-la-mayor-red-de-transmision-electrica-del-pais\/","title":{"rendered":"El Gobierno avanza con la privatizaci\u00f3n de la mayor red de transmisi\u00f3n el\u00e9ctrica del pa\u00eds"},"content":{"rendered":"<p>La venta de Transener que buscar\u00e1 cerrarse en un plazo de 8 meses, se realizar\u00e1 mediante un concurso p\u00fablico, que tendr\u00e1 un precio base.<!--more--><\/p>\n<hr \/>\n<p>El Gobierno de Javier Milei inici\u00f3 el<strong> proceso para vender las acciones que el Estado tiene en la Compa\u00f1\u00eda Inversora en Transmisi\u00f3n El\u00e9ctrica (Citelec), due\u00f1a de Transener<\/strong>, que es la principal empresa de transporte de electricidad del pa\u00eds. La operaci\u00f3n se formaliz\u00f3 a trav\u00e9s de la <strong>Resoluci\u00f3n 1050\/2025<\/strong> del Ministerio de Econom\u00eda publicada este viernes en el Bolet\u00edn Oficial.<\/p>\n<blockquote><p>El Estado posee el 26,32% de Transener de manera indirecta, a trav\u00e9s de la empresa estatal Energ\u00eda Argentina (Enarsa), que a su vez es due\u00f1a del 50% de Citelec, la sociedad controlante de la transportista, junto con Pampa Energ\u00eda, la empresa fundada por Marcelo Mindlin. Citelec tiene el 52,64% de las acciones clase A de Transener. El resto de la participaci\u00f3n accionaria se reparte entre la Anses (19,57%) y el capital que cotiza en la Bolsa porte\u00f1a (27,79%).<\/p><\/blockquote>\n<p>La venta de las acciones de Citelec se realizar\u00e1 a trav\u00e9s de un <strong>concurso p\u00fablico<\/strong> con base, de alcance nacional e internacional, dentro de <strong>un plazo ocho meses<\/strong>. La resoluci\u00f3n dice que se <strong>deber\u00e1 contratar a un banco p\u00fablico para que haga la tasaci\u00f3n<\/strong> de la compa\u00f1\u00eda y la participaci\u00f3n del Estado, que podr\u00eda <strong>rondar los US$ 150 millones a US$ 200 millones<\/strong>. Sin embargo, con la pr\u00f3xima revisi\u00f3n de tarifas y si la macroeconom\u00eda se mantiene estable podr\u00eda elevarse ese monto.<\/p>\n<p>A fines de abril de este a\u00f1o, el Gobierno hab\u00eda oficializado la autorizaci\u00f3n para poner en marcha la privatizaci\u00f3n total de Enarsa en un <strong>proceso que se dar\u00e1 por etapas<\/strong>, con el <strong>desprendimiento de cada una de las 15 unidades de negocio<\/strong>. El primer paso fue la venta de las acciones de la empresa estatal en Citelec, controlante de Transener, que opera una red nacional que incluye<em> cerca de 12.400 kil\u00f3metros de l\u00edneas de transmisi\u00f3n el\u00e9ctrica en 500 kilovoltios (kV, Extra Alta Tensi\u00f3n) y 132 kV (Alta Tensi\u00f3n).<\/em><\/p>\n<p>La concesi\u00f3n de Transener comenz\u00f3 en 1993. Desde entonces, en 20 de los \u00faltimos 33 a\u00f1os el sector convivi\u00f3 con situaciones de emergencia econ\u00f3mica, lo que deriv\u00f3 en una fuerte restricci\u00f3n de inversiones y en una baja rentabilidad.<\/p>\n<p>El ex presidente Mauricio Macri y su ex ministro de Energ\u00eda y Miner\u00eda Juan Jos\u00e9 Aranguren hab\u00edan querido privatizar Transener entre fines de 2017 y principios de 2018, pero los aliados radicales en Juntos por el Cambio los obligaron a olvidarse de esa intenci\u00f3n. Poco despu\u00e9s se derrumbaron las acciones y esa idea qued\u00f3 trunca.<\/p>\n<p>Fuente: <em>Agencia DIB<\/em><\/p>\n","protected":false},"excerpt":{"rendered":"<p>La venta de Transener que buscar\u00e1 cerrarse en un plazo de 8 meses, se realizar\u00e1 mediante un concurso p\u00fablico, que<\/p>\n","protected":false},"author":4,"featured_media":39703,"comment_status":"closed","ping_status":"closed","sticky":false,"template":"","format":"standard","meta":{"_jetpack_memberships_contains_paid_content":false,"footnotes":""},"categories":[6,1],"tags":[],"class_list":["post-177710","post","type-post","status-publish","format-standard","has-post-thumbnail","hentry","category-nacionales","category-portada"],"jetpack_featured_media_url":"https:\/\/i0.wp.com\/cdnoticias.com\/wp-content\/uploads\/2021\/11\/dib-electricidad.jpg?fit=696%2C462&ssl=1","jetpack_sharing_enabled":true,"_links":{"self":[{"href":"https:\/\/cdnoticias.com\/index.php\/wp-json\/wp\/v2\/posts\/177710","targetHints":{"allow":["GET"]}}],"collection":[{"href":"https:\/\/cdnoticias.com\/index.php\/wp-json\/wp\/v2\/posts"}],"about":[{"href":"https:\/\/cdnoticias.com\/index.php\/wp-json\/wp\/v2\/types\/post"}],"author":[{"embeddable":true,"href":"https:\/\/cdnoticias.com\/index.php\/wp-json\/wp\/v2\/users\/4"}],"replies":[{"embeddable":true,"href":"https:\/\/cdnoticias.com\/index.php\/wp-json\/wp\/v2\/comments?post=177710"}],"version-history":[{"count":0,"href":"https:\/\/cdnoticias.com\/index.php\/wp-json\/wp\/v2\/posts\/177710\/revisions"}],"wp:featuredmedia":[{"embeddable":true,"href":"https:\/\/cdnoticias.com\/index.php\/wp-json\/wp\/v2\/media\/39703"}],"wp:attachment":[{"href":"https:\/\/cdnoticias.com\/index.php\/wp-json\/wp\/v2\/media?parent=177710"}],"wp:term":[{"taxonomy":"category","embeddable":true,"href":"https:\/\/cdnoticias.com\/index.php\/wp-json\/wp\/v2\/categories?post=177710"},{"taxonomy":"post_tag","embeddable":true,"href":"https:\/\/cdnoticias.com\/index.php\/wp-json\/wp\/v2\/tags?post=177710"}],"curies":[{"name":"wp","href":"https:\/\/api.w.org\/{rel}","templated":true}]}}