{"id":177703,"date":"2025-07-25T12:24:44","date_gmt":"2025-07-25T15:24:44","guid":{"rendered":"https:\/\/cdnoticias.com\/?p=177703"},"modified":"2025-07-25T12:24:46","modified_gmt":"2025-07-25T15:24:46","slug":"concentracion-en-la-fiscalia-para-esperar-la-liberacion-de-agustin-mestralet","status":"publish","type":"post","link":"https:\/\/cdnoticias.com\/index.php\/2025\/07\/25\/concentracion-en-la-fiscalia-para-esperar-la-liberacion-de-agustin-mestralet\/","title":{"rendered":"Concentraci\u00f3n en la Fiscal\u00eda para esperar la liberaci\u00f3n de Agust\u00edn Mestralet"},"content":{"rendered":"<p>Se estimaba que no tendr\u00eda imputaci\u00f3n formal en su contra. A los integrantes del Partido Obrero de Olavarr\u00eda se sum\u00f3 un dirigente de Mar del Plata y un integrante de la Comisi\u00f3n Provincial por la Memoria.<!--more--><\/p>\n<hr \/>\n<p>En la ma\u00f1ana de este viernes,<strong> integrantes del Partido Obrero de Olavarr\u00eda estuvieron en las puertas de la Fiscal\u00eda<\/strong> a la espera de la<strong> liberaci\u00f3n de Agust\u00edn Mestralet.<\/strong> En la sede de Rufino Fal casi Moreno se hab\u00edan presentado tambi\u00e9n<strong> un dirigente partidario de Mar del Plata<\/strong> as\u00ed como un<strong> integrante de la Comisi\u00f3n Provincial por la Memoria<\/strong> en apoyo al militante arrestado.<\/p>\n<p>Si bien el clima era de tensi\u00f3n entre los compa\u00f1eros de militancia de Mestralet, con el correr de las horas <strong>se estim\u00f3 que no tendr\u00eda imputaci\u00f3n formal en su contra<\/strong> y que ser\u00eda liberado en pocas horas, aunque <strong>desde la Comisar\u00eda Primera local<\/strong>.<\/p>\n<blockquote><p>La concentraci\u00f3n, con pancartas y banderas, estuvo desde las primeras horas de la ma\u00f1ana.\u00a0\u201cGracias a la presi\u00f3n y la lucha es que los compa\u00f1eros est\u00e1n siendo liberados, aparentemente sin causa. Hay que ver c\u00f3mo contin\u00faa la situaci\u00f3n judicial\u201d defini\u00f3 Yessica Almeida, tambi\u00e9n del Partido Obrero, la situaci\u00f3n a media ma\u00f1ana.<\/p><\/blockquote>\n<p><img data-recalc-dims=\"1\" loading=\"lazy\" decoding=\"async\" class=\"alignnone size-full wp-image-177708\" src=\"https:\/\/i0.wp.com\/cdnoticias.com\/wp-content\/uploads\/2025\/07\/fiscalia-manifestacion-partido-obrero-danelli-04.jpg?resize=800%2C445&#038;ssl=1\" alt=\"\" width=\"800\" height=\"445\" srcset=\"https:\/\/i0.wp.com\/cdnoticias.com\/wp-content\/uploads\/2025\/07\/fiscalia-manifestacion-partido-obrero-danelli-04.jpg?w=1000&amp;ssl=1 1000w, https:\/\/i0.wp.com\/cdnoticias.com\/wp-content\/uploads\/2025\/07\/fiscalia-manifestacion-partido-obrero-danelli-04.jpg?resize=300%2C167&amp;ssl=1 300w, https:\/\/i0.wp.com\/cdnoticias.com\/wp-content\/uploads\/2025\/07\/fiscalia-manifestacion-partido-obrero-danelli-04.jpg?resize=768%2C427&amp;ssl=1 768w, https:\/\/i0.wp.com\/cdnoticias.com\/wp-content\/uploads\/2025\/07\/fiscalia-manifestacion-partido-obrero-danelli-04.jpg?resize=800%2C445&amp;ssl=1 800w\" sizes=\"auto, (max-width: 800px) 100vw, 800px\" \/><\/p>\n<p>En las inmediaciones hab\u00eda <strong>personal policial del GAD<\/strong> en custodia de las instalaciones.<\/p>\n<p>Respecto de la situaci\u00f3n de Mestralet, se hab\u00eda informado que<a href=\"https:\/\/cdnoticias.com\/index.php\/2025\/07\/25\/tres-referentes-del-fit-arrestados-en-la-marcha-por-la-muerte-de-gonzalo-tamame\/\" target=\"_blank\" rel=\"noopener\"> fue alojado en la Comisar\u00eda Primera de la vecina ciudad de Azul<\/a>. Se aguardaba su <strong>traslado desde la vecina ciudad para que preste declaraci\u00f3n en la sede judicial local<\/strong> ante la fiscal Mariela Viceconte, quien subroga la fiscal\u00eda de turno durante la feria judicial de invierno.<\/p>\n<p>En tanto, el segundo arrestado, Lautaro M\u00e9ndez, tambi\u00e9n militante del Partido Obrero estaba alojado en la sede de la Comisar\u00eda Segunda. Su familia se hab\u00eda trasladado hacia la sede policial ya que se estimaba que iba a ser liberado en ese punto. No obstante <strong>su representante legal, Maximiliano Gallo Cabrera, se hab\u00eda presentado en la Fiscal\u00eda ya que M\u00e9ndez se encontraba en el edificio del Poder Judicial<\/strong>.<\/p>\n<p><img data-recalc-dims=\"1\" loading=\"lazy\" decoding=\"async\" class=\"alignnone size-full wp-image-177706\" src=\"https:\/\/i0.wp.com\/cdnoticias.com\/wp-content\/uploads\/2025\/07\/fiscalia-manifestacion-partido-obrero-danelli-02.jpg?resize=800%2C445&#038;ssl=1\" alt=\"\" width=\"800\" height=\"445\" srcset=\"https:\/\/i0.wp.com\/cdnoticias.com\/wp-content\/uploads\/2025\/07\/fiscalia-manifestacion-partido-obrero-danelli-02.jpg?w=1000&amp;ssl=1 1000w, https:\/\/i0.wp.com\/cdnoticias.com\/wp-content\/uploads\/2025\/07\/fiscalia-manifestacion-partido-obrero-danelli-02.jpg?resize=300%2C167&amp;ssl=1 300w, https:\/\/i0.wp.com\/cdnoticias.com\/wp-content\/uploads\/2025\/07\/fiscalia-manifestacion-partido-obrero-danelli-02.jpg?resize=768%2C427&amp;ssl=1 768w, https:\/\/i0.wp.com\/cdnoticias.com\/wp-content\/uploads\/2025\/07\/fiscalia-manifestacion-partido-obrero-danelli-02.jpg?resize=800%2C445&amp;ssl=1 800w\" sizes=\"auto, (max-width: 800px) 100vw, 800px\" \/><\/p>\n<p>Por \u00faltimo, la tercera persona aprehendida es <strong>Katerina Pereyra<\/strong> quien estaba alojada en la Subcomisar\u00eda de Loma Negra. Durante la ma\u00f1ana,<strong> Juan Weisz, integrante de CORREPI, estuvo en aquella sede policial<\/strong> para interiorizarse sobre la situaci\u00f3n penal de la arrestada. Tambi\u00e9n se aguardaba su liberaci\u00f3n tras ser citada en la Fiscal\u00eda.<\/p>\n<p>Mientras tanto, durante la ma\u00f1ana<strong> se sumaron a la concentraci\u00f3n Alejandro Mart\u00ednez del Partido Obrero de Mar del Plata<\/strong> y la <strong>secretaria general de SUTEBA Olavarr\u00eda, Ver\u00f3nica Danelli<\/strong>. Cabe recordar que, adem\u00e1s de candidato a concejal por el FIT, Agust\u00edn Mestralet es delegado gremial de SUTEBA.<\/p>\n<p><img data-recalc-dims=\"1\" loading=\"lazy\" decoding=\"async\" class=\"alignnone size-full wp-image-177704\" src=\"https:\/\/i0.wp.com\/cdnoticias.com\/wp-content\/uploads\/2025\/07\/fiscalia-manifestacion-partido-obrero-danelli-00.jpg?resize=800%2C445&#038;ssl=1\" alt=\"\" width=\"800\" height=\"445\" srcset=\"https:\/\/i0.wp.com\/cdnoticias.com\/wp-content\/uploads\/2025\/07\/fiscalia-manifestacion-partido-obrero-danelli-00.jpg?w=1000&amp;ssl=1 1000w, https:\/\/i0.wp.com\/cdnoticias.com\/wp-content\/uploads\/2025\/07\/fiscalia-manifestacion-partido-obrero-danelli-00.jpg?resize=300%2C167&amp;ssl=1 300w, https:\/\/i0.wp.com\/cdnoticias.com\/wp-content\/uploads\/2025\/07\/fiscalia-manifestacion-partido-obrero-danelli-00.jpg?resize=768%2C427&amp;ssl=1 768w, https:\/\/i0.wp.com\/cdnoticias.com\/wp-content\/uploads\/2025\/07\/fiscalia-manifestacion-partido-obrero-danelli-00.jpg?resize=800%2C445&amp;ssl=1 800w\" sizes=\"auto, (max-width: 800px) 100vw, 800px\" \/><\/p>\n<p><img data-recalc-dims=\"1\" loading=\"lazy\" decoding=\"async\" class=\"alignnone size-full wp-image-177705\" src=\"https:\/\/i0.wp.com\/cdnoticias.com\/wp-content\/uploads\/2025\/07\/fiscalia-manifestacion-partido-obrero-danelli-01.jpg?resize=800%2C445&#038;ssl=1\" alt=\"\" width=\"800\" height=\"445\" srcset=\"https:\/\/i0.wp.com\/cdnoticias.com\/wp-content\/uploads\/2025\/07\/fiscalia-manifestacion-partido-obrero-danelli-01.jpg?w=1000&amp;ssl=1 1000w, https:\/\/i0.wp.com\/cdnoticias.com\/wp-content\/uploads\/2025\/07\/fiscalia-manifestacion-partido-obrero-danelli-01.jpg?resize=300%2C167&amp;ssl=1 300w, https:\/\/i0.wp.com\/cdnoticias.com\/wp-content\/uploads\/2025\/07\/fiscalia-manifestacion-partido-obrero-danelli-01.jpg?resize=768%2C427&amp;ssl=1 768w, https:\/\/i0.wp.com\/cdnoticias.com\/wp-content\/uploads\/2025\/07\/fiscalia-manifestacion-partido-obrero-danelli-01.jpg?resize=800%2C445&amp;ssl=1 800w\" sizes=\"auto, (max-width: 800px) 100vw, 800px\" \/><\/p>\n","protected":false},"excerpt":{"rendered":"<p>Se estimaba que no tendr\u00eda imputaci\u00f3n formal en su contra. A los integrantes del Partido Obrero de Olavarr\u00eda se sum\u00f3<\/p>\n","protected":false},"author":4,"featured_media":177707,"comment_status":"closed","ping_status":"closed","sticky":false,"template":"","format":"standard","meta":{"_jetpack_memberships_contains_paid_content":false,"footnotes":""},"categories":[4,1],"tags":[],"class_list":["post-177703","post","type-post","status-publish","format-standard","has-post-thumbnail","hentry","category-politica","category-portada"],"jetpack_featured_media_url":"https:\/\/i0.wp.com\/cdnoticias.com\/wp-content\/uploads\/2025\/07\/fiscalia-manifestacion-partido-obrero-danelli-03.jpg?fit=1000%2C556&ssl=1","jetpack_sharing_enabled":true,"_links":{"self":[{"href":"https:\/\/cdnoticias.com\/index.php\/wp-json\/wp\/v2\/posts\/177703","targetHints":{"allow":["GET"]}}],"collection":[{"href":"https:\/\/cdnoticias.com\/index.php\/wp-json\/wp\/v2\/posts"}],"about":[{"href":"https:\/\/cdnoticias.com\/index.php\/wp-json\/wp\/v2\/types\/post"}],"author":[{"embeddable":true,"href":"https:\/\/cdnoticias.com\/index.php\/wp-json\/wp\/v2\/users\/4"}],"replies":[{"embeddable":true,"href":"https:\/\/cdnoticias.com\/index.php\/wp-json\/wp\/v2\/comments?post=177703"}],"version-history":[{"count":0,"href":"https:\/\/cdnoticias.com\/index.php\/wp-json\/wp\/v2\/posts\/177703\/revisions"}],"wp:featuredmedia":[{"embeddable":true,"href":"https:\/\/cdnoticias.com\/index.php\/wp-json\/wp\/v2\/media\/177707"}],"wp:attachment":[{"href":"https:\/\/cdnoticias.com\/index.php\/wp-json\/wp\/v2\/media?parent=177703"}],"wp:term":[{"taxonomy":"category","embeddable":true,"href":"https:\/\/cdnoticias.com\/index.php\/wp-json\/wp\/v2\/categories?post=177703"},{"taxonomy":"post_tag","embeddable":true,"href":"https:\/\/cdnoticias.com\/index.php\/wp-json\/wp\/v2\/tags?post=177703"}],"curies":[{"name":"wp","href":"https:\/\/api.w.org\/{rel}","templated":true}]}}