{"id":177681,"date":"2025-07-25T08:51:35","date_gmt":"2025-07-25T11:51:35","guid":{"rendered":"https:\/\/cdnoticias.com\/?p=177681"},"modified":"2025-07-25T11:15:56","modified_gmt":"2025-07-25T14:15:56","slug":"tres-referentes-del-fit-arrestados-en-la-marcha-por-la-muerte-de-gonzalo-tamame","status":"publish","type":"post","link":"https:\/\/cdnoticias.com\/index.php\/2025\/07\/25\/tres-referentes-del-fit-arrestados-en-la-marcha-por-la-muerte-de-gonzalo-tamame\/","title":{"rendered":"Referentes del FIT arrestados en la marcha por la muerte de Gonzalo Tamame"},"content":{"rendered":"<p>Se trata de Agust\u00edn Mestralet, quien es candidato a concejal, Lautaro M\u00e9ndez y Katerina Pereyra. Habr\u00e1 una concentraci\u00f3n en la Fiscal\u00eda este viernes.<!--more--><\/p>\n<hr \/>\n<p>En el marco de los<strong> violentos sucesos<\/strong> que se dieron <a href=\"https:\/\/cdnoticias.com\/index.php\/2025\/07\/24\/la-policia-disparo-balas-de-goma-a-la-familia-de-gonzalo-tamame-y-la-movilizacion\/\" target=\"_blank\" rel=\"noopener\">este jueves por la noche en Olavarr\u00eda<\/a> en la manifestaci\u00f3n que reclam\u00f3 justicia por la muerte de Gonzalo Tamame,<strong> tres personas terminaron aprehendidas<\/strong>.<\/p>\n<p><strong>El caso es in\u00e9dito para nuestra ciudad<\/strong> donde este tipo de manifestaciones transcurre habitualmente en calma y sin incidentes.<strong> Dos de los aprehendidos son integrantes del Partido Obrero-Frente de Izquierda de Olavarr\u00eda<\/strong>, quienes participaron de la marcha. Se indic\u00f3 que fueron acusados por<strong> \u201cresistencia a la autoridad agravada\u201d<\/strong>, aunque no hubo informaci\u00f3n oficial sobre ese aspecto.<\/p>\n<blockquote class=\"instagram-media\" style=\"background: #FFF; border: 0; border-radius: 3px; box-shadow: 0 0 1px 0 rgba(0,0,0,0.5),0 1px 10px 0 rgba(0,0,0,0.15); margin: 1px; max-width: 540px; min-width: 326px; padding: 0; width: calc(100% - 2px);\" data-instgrm-permalink=\"https:\/\/www.instagram.com\/reel\/DMh4oXyuPK1\/?utm_source=ig_embed&amp;utm_campaign=loading\" data-instgrm-version=\"14\">\n<div style=\"padding: 16px;\">\n<div style=\"display: flex; flex-direction: row; align-items: center;\">\n<div style=\"background-color: #f4f4f4; border-radius: 50%; flex-grow: 0; height: 40px; margin-right: 14px; width: 40px;\"><\/div>\n<div style=\"display: flex; flex-direction: column; flex-grow: 1; justify-content: center;\">\n<div style=\"background-color: #f4f4f4; border-radius: 4px; flex-grow: 0; height: 14px; margin-bottom: 6px; width: 100px;\"><\/div>\n<div style=\"background-color: #f4f4f4; border-radius: 4px; flex-grow: 0; height: 14px; width: 60px;\"><\/div>\n<\/div>\n<\/div>\n<div style=\"padding: 19% 0;\"><\/div>\n<div style=\"display: block; height: 50px; margin: 0 auto 12px; width: 50px;\"><\/div>\n<div style=\"padding-top: 8px;\">\n<div style=\"color: #3897f0; font-family: Arial,sans-serif; font-size: 14px; font-style: normal; font-weight: 550; line-height: 18px;\">Ver esta publicaci\u00f3n en Instagram<\/div>\n<\/div>\n<div style=\"padding: 12.5% 0;\"><\/div>\n<div style=\"display: flex; flex-direction: row; margin-bottom: 14px; align-items: center;\">\n<div>\n<div style=\"background-color: #f4f4f4; border-radius: 50%; height: 12.5px; width: 12.5px; transform: translateX(0px) translateY(7px);\"><\/div>\n<div style=\"background-color: #f4f4f4; height: 12.5px; transform: rotate(-45deg) translateX(3px) translateY(1px); width: 12.5px; flex-grow: 0; margin-right: 14px; margin-left: 2px;\"><\/div>\n<div style=\"background-color: #f4f4f4; border-radius: 50%; height: 12.5px; width: 12.5px; transform: translateX(9px) translateY(-18px);\"><\/div>\n<\/div>\n<div style=\"margin-left: 8px;\">\n<div style=\"background-color: #f4f4f4; border-radius: 50%; flex-grow: 0; height: 20px; width: 20px;\"><\/div>\n<div style=\"width: 0; height: 0; border-top: 2px solid transparent; border-left: 6px solid #f4f4f4; border-bottom: 2px solid transparent; transform: translateX(16px) translateY(-4px) rotate(30deg);\"><\/div>\n<\/div>\n<div style=\"margin-left: auto;\">\n<div style=\"width: 0px; border-top: 8px solid #F4F4F4; border-right: 8px solid transparent; transform: translateY(16px);\"><\/div>\n<div style=\"background-color: #f4f4f4; flex-grow: 0; height: 12px; width: 16px; transform: translateY(-4px);\"><\/div>\n<div style=\"width: 0; height: 0; border-top: 8px solid #F4F4F4; border-left: 8px solid transparent; transform: translateY(-4px) translateX(8px);\"><\/div>\n<\/div>\n<\/div>\n<div style=\"display: flex; flex-direction: column; flex-grow: 1; justify-content: center; margin-bottom: 24px;\">\n<div style=\"background-color: #f4f4f4; border-radius: 4px; flex-grow: 0; height: 14px; margin-bottom: 6px; width: 224px;\"><\/div>\n<div style=\"background-color: #f4f4f4; border-radius: 4px; flex-grow: 0; height: 14px; width: 144px;\"><\/div>\n<\/div>\n<p style=\"color: #c9c8cd; font-family: Arial,sans-serif; font-size: 14px; line-height: 17px; margin-bottom: 0; margin-top: 8px; overflow: hidden; padding: 8px 0 7px; text-align: center; text-overflow: ellipsis; white-space: nowrap;\"><a style=\"color: #c9c8cd; font-family: Arial,sans-serif; font-size: 14px; font-style: normal; font-weight: normal; line-height: 17px; text-decoration: none;\" href=\"https:\/\/www.instagram.com\/reel\/DMh4oXyuPK1\/?utm_source=ig_embed&amp;utm_campaign=loading\" target=\"_blank\" rel=\"noopener\">Una publicaci\u00f3n compartida por Central de Noticias Olavarr\u00eda (@cdnolavarria)<\/a><\/p>\n<\/div>\n<\/blockquote>\n<p><script async src=\"\/\/www.instagram.com\/embed.js\"><\/script><\/p>\n<p><strong>Agust\u00edn Mestralet -candidato a concejal- y Lautaro M\u00e9ndez<\/strong> fueron arrestados en inmediaciones de la Comisar\u00eda Primera alrededor de las 20, sobre el final de la manifestaci\u00f3n. En tanto, seg\u00fan se inform\u00f3 a <strong>Central de Noticias<\/strong> desde el Partido Obrero, una tercera manifestante arrestada es <strong>Katerina Pereyra<\/strong>. Desde la agrupaci\u00f3n se hizo hincapi\u00e9 en que<strong> no qued\u00f3 en claro la acusaci\u00f3n<\/strong> bajo la cual fueron privados de la libertad. Asimismo, cada uno fue <strong>destinado a una dependencia policial distinta<\/strong>.<\/p>\n<blockquote><p>\u201cEn la madrugada pudimos confirmar que Agust\u00edn est\u00e1 detenido en la Comisar\u00eda Primera de Azul. Compa\u00f1eros de all\u00e1 pudieron acercarle comida y abrigo y confirmar que estaba bien. Lautaro M\u00e9ndez est\u00e1 en la Comisar\u00eda Segunda de Olavarr\u00eda, donde la familia pudo verlo y tambi\u00e9n llevarle comida abrigo y colch\u00f3n para que pudiera dormir. La chica detenida en Loma Negra, Katerina Pereyra, su familia ya est\u00e1 en contacto con ella tambi\u00e9n\u201d se detall\u00f3 sobre la situaci\u00f3n.<\/p><\/blockquote>\n<p>Se esperaba que en el transcurso de la ma\u00f1ana de este viernes todos fueran<strong> trasladados a la sede del Poder Judicial de Olavarr\u00eda<\/strong>, en Rufino Fal y Moreno, para que <strong>presten declaraci\u00f3n<\/strong>. En ese punto habr\u00e1 una <strong>concentraci\u00f3n convocada por el Partido Obrero<\/strong>.<\/p>\n<p>Se estimaba que, tras la indagatoria, todos queden en libertad.<\/p>\n<blockquote class=\"wp-embedded-content\" data-secret=\"MqgiCyvVYx\"><p><a href=\"https:\/\/cdnoticias.com\/index.php\/2025\/07\/24\/detuvieron-al-dirigente-y-candidato-del-frente-de-izquierda-agustin-mestralet\/\">Detuvieron al dirigente y candidato del Frente de Izquierda Agust\u00edn Mestralet<\/a><\/p><\/blockquote>\n<p><iframe loading=\"lazy\" class=\"wp-embedded-content\" sandbox=\"allow-scripts\" security=\"restricted\" style=\"position: absolute; visibility: hidden;\" title=\"&#8220;Detuvieron al dirigente y candidato del Frente de Izquierda Agust\u00edn Mestralet&#8221; &#8212; Central de Noticias | Olavarr\u00eda\" src=\"https:\/\/cdnoticias.com\/index.php\/2025\/07\/24\/detuvieron-al-dirigente-y-candidato-del-frente-de-izquierda-agustin-mestralet\/embed\/#?secret=gUBCf6soRS#?secret=MqgiCyvVYx\" data-secret=\"MqgiCyvVYx\" width=\"600\" height=\"338\" frameborder=\"0\" marginwidth=\"0\" marginheight=\"0\" scrolling=\"no\"><\/iframe><\/p>\n","protected":false},"excerpt":{"rendered":"<p>Se trata de Agust\u00edn Mestralet, quien es candidato a concejal, Lautaro M\u00e9ndez y Katerina Pereyra. Habr\u00e1 una concentraci\u00f3n en la<\/p>\n","protected":false},"author":4,"featured_media":177682,"comment_status":"closed","ping_status":"closed","sticky":false,"template":"","format":"standard","meta":{"_jetpack_memberships_contains_paid_content":false,"footnotes":""},"categories":[14,1],"tags":[],"class_list":["post-177681","post","type-post","status-publish","format-standard","has-post-thumbnail","hentry","category-policiales","category-portada"],"jetpack_featured_media_url":"https:\/\/i0.wp.com\/cdnoticias.com\/wp-content\/uploads\/2025\/07\/agustin-mestralet-aprehendido.jpg?fit=1000%2C557&ssl=1","jetpack_sharing_enabled":true,"_links":{"self":[{"href":"https:\/\/cdnoticias.com\/index.php\/wp-json\/wp\/v2\/posts\/177681","targetHints":{"allow":["GET"]}}],"collection":[{"href":"https:\/\/cdnoticias.com\/index.php\/wp-json\/wp\/v2\/posts"}],"about":[{"href":"https:\/\/cdnoticias.com\/index.php\/wp-json\/wp\/v2\/types\/post"}],"author":[{"embeddable":true,"href":"https:\/\/cdnoticias.com\/index.php\/wp-json\/wp\/v2\/users\/4"}],"replies":[{"embeddable":true,"href":"https:\/\/cdnoticias.com\/index.php\/wp-json\/wp\/v2\/comments?post=177681"}],"version-history":[{"count":0,"href":"https:\/\/cdnoticias.com\/index.php\/wp-json\/wp\/v2\/posts\/177681\/revisions"}],"wp:featuredmedia":[{"embeddable":true,"href":"https:\/\/cdnoticias.com\/index.php\/wp-json\/wp\/v2\/media\/177682"}],"wp:attachment":[{"href":"https:\/\/cdnoticias.com\/index.php\/wp-json\/wp\/v2\/media?parent=177681"}],"wp:term":[{"taxonomy":"category","embeddable":true,"href":"https:\/\/cdnoticias.com\/index.php\/wp-json\/wp\/v2\/categories?post=177681"},{"taxonomy":"post_tag","embeddable":true,"href":"https:\/\/cdnoticias.com\/index.php\/wp-json\/wp\/v2\/tags?post=177681"}],"curies":[{"name":"wp","href":"https:\/\/api.w.org\/{rel}","templated":true}]}}