{"id":177573,"date":"2025-07-24T11:20:59","date_gmt":"2025-07-24T14:20:59","guid":{"rendered":"https:\/\/cdnoticias.com\/?p=177573"},"modified":"2025-07-24T16:49:57","modified_gmt":"2025-07-24T19:49:57","slug":"vecinos-del-barrio-ara-san-juan-exigen-respuestas-antes-reiterados-hechos-delictivos","status":"publish","type":"post","link":"https:\/\/cdnoticias.com\/index.php\/2025\/07\/24\/vecinos-del-barrio-ara-san-juan-exigen-respuestas-antes-reiterados-hechos-delictivos\/","title":{"rendered":"Vecinos del barrio ARA San Juan exigen respuestas antes reiterados hechos delictivos"},"content":{"rendered":"\n<p>Aseguran que sufren robos y hurtos \u201ctodos los d\u00edas\u201d. Piden reuni\u00f3n con autoridades pol\u00edticas, policiales y fiscal\u00edas.<\/p>\n\n\n\n<hr class=\"wp-block-separator has-alpha-channel-opacity\"\/>\n\n\n\n<p>Vecinos del <strong>barrio ARA San Juan,<\/strong> ubicado entre las calles C. Mu\u00f1oz, Rossi, Pellegrini y Avellaneda emitieron un comunicado en el que<strong> piden respuestas ante la reiteraci\u00f3n de distintos hechos delictivos en el sector.<\/strong><\/p>\n\n\n\n<p><\/p>\n\n\n\n<p>Resaltaron que en la zona \u201cviven familias trabajadoras, donde hay comercios, emprendimientos y obras en marcha. Sin embargo, hoy lo \u00fanico que crece es el miedo\u201d y aseguraron que \u201c<strong>desde hace meses venimos siendo v\u00edctimas de robos y hurtos todos los d\u00edas. <\/strong>Todos los d\u00edas. Y ya no sabemos a qui\u00e9n recurrir\u201d.<\/p>\n\n\n\n<p><\/p>\n\n\n\n<blockquote class=\"wp-block-quote is-layout-flow wp-block-quote-is-layout-flow\">\n<p>En el comunicado afirmaron que \u201clas autoridades pol\u00edticas miran para otro lado, la polic\u00eda parece no existir, y la justicia brilla por su ausencia. Mientras tanto, los delincuentes act\u00faan con total impunidad, llev\u00e1ndose lo que quieren, como si fueran los due\u00f1os de nuestras calles\u201d.<\/p>\n<\/blockquote>\n\n\n\n<p><\/p>\n\n\n\n<p>Describieron una sucesi\u00f3n de il\u00edcitos: \u201c<strong>nos roban en los negocios, nos roban materiales de construcci\u00f3n, nos roban en nuestras casas.<\/strong> Nos roban la paz. Vivimos con miedo, con bronca y con una sensaci\u00f3n de abandono absoluto. Estamos cansados de promesas vac\u00edas y de explicaciones que no alcanzan\u201d.<\/p>\n\n\n\n<p><\/p>\n\n\n\n<p>Ante este panorama exigieron \u201c<strong>respuestas y acciones concretas antes de que esta escalada de robos termine en tragedia. P<\/strong>orque la desesperaci\u00f3n y la impotencia llevan a situaciones que nadie desea\u201d.<\/p>\n\n\n\n<p><\/p>\n\n\n\n<p>Pidieron una \u201c<strong>reuni\u00f3n urgente con las autoridades pol\u00edticas comunales, las fiscal\u00edas y las fuerzas policiales<\/strong> para que, de una vez por todas, hagan su trabajo y nos devuelvan la tranquilidad que nos arrebataron. Queremos vivir en paz, salir a trabajar sin miedo, volver a casa sabiendo que nada nos faltar\u00e1. No pedimos privilegios, pedimos lo b\u00e1sico: seguridad y protecci\u00f3n\u201d.<\/p>\n","protected":false},"excerpt":{"rendered":"<p>Aseguran que sufren robos y hurtos \u201ctodos los d\u00edas\u201d. Piden reuni\u00f3n con autoridades pol\u00edticas, policiales y fiscal\u00edas. Vecinos del barrio<\/p>\n","protected":false},"author":5,"featured_media":177574,"comment_status":"closed","ping_status":"closed","sticky":false,"template":"","format":"standard","meta":{"_jetpack_memberships_contains_paid_content":false,"footnotes":""},"categories":[14,1],"tags":[],"class_list":["post-177573","post","type-post","status-publish","format-standard","has-post-thumbnail","hentry","category-policiales","category-portada"],"jetpack_featured_media_url":"https:\/\/i0.wp.com\/cdnoticias.com\/wp-content\/uploads\/2025\/07\/robos-ara-san-juan.png?fit=800%2C445&ssl=1","jetpack_sharing_enabled":true,"_links":{"self":[{"href":"https:\/\/cdnoticias.com\/index.php\/wp-json\/wp\/v2\/posts\/177573","targetHints":{"allow":["GET"]}}],"collection":[{"href":"https:\/\/cdnoticias.com\/index.php\/wp-json\/wp\/v2\/posts"}],"about":[{"href":"https:\/\/cdnoticias.com\/index.php\/wp-json\/wp\/v2\/types\/post"}],"author":[{"embeddable":true,"href":"https:\/\/cdnoticias.com\/index.php\/wp-json\/wp\/v2\/users\/5"}],"replies":[{"embeddable":true,"href":"https:\/\/cdnoticias.com\/index.php\/wp-json\/wp\/v2\/comments?post=177573"}],"version-history":[{"count":0,"href":"https:\/\/cdnoticias.com\/index.php\/wp-json\/wp\/v2\/posts\/177573\/revisions"}],"wp:featuredmedia":[{"embeddable":true,"href":"https:\/\/cdnoticias.com\/index.php\/wp-json\/wp\/v2\/media\/177574"}],"wp:attachment":[{"href":"https:\/\/cdnoticias.com\/index.php\/wp-json\/wp\/v2\/media?parent=177573"}],"wp:term":[{"taxonomy":"category","embeddable":true,"href":"https:\/\/cdnoticias.com\/index.php\/wp-json\/wp\/v2\/categories?post=177573"},{"taxonomy":"post_tag","embeddable":true,"href":"https:\/\/cdnoticias.com\/index.php\/wp-json\/wp\/v2\/tags?post=177573"}],"curies":[{"name":"wp","href":"https:\/\/api.w.org\/{rel}","templated":true}]}}