{"id":177565,"date":"2025-07-24T10:36:40","date_gmt":"2025-07-24T13:36:40","guid":{"rendered":"https:\/\/cdnoticias.com\/?p=177565"},"modified":"2025-07-24T16:30:35","modified_gmt":"2025-07-24T19:30:35","slug":"convocan-a-una-movilizacion-en-reclamo-de-justicia-por-el-hombre-fallecido-en-la-comisaria-primera","status":"publish","type":"post","link":"https:\/\/cdnoticias.com\/index.php\/2025\/07\/24\/convocan-a-una-movilizacion-en-reclamo-de-justicia-por-el-hombre-fallecido-en-la-comisaria-primera\/","title":{"rendered":"Convocan a una movilizaci\u00f3n en reclamo de Justicia por el hombre fallecido en la Comisar\u00eda Primera"},"content":{"rendered":"\n<p>Ser\u00e1 este jueves a las 18:00 frente a la seccional. La familia de Gonzalo Tamame impuls\u00f3 la manifestaci\u00f3n en redes sociales.<\/p>\n\n\n\n<hr class=\"wp-block-separator has-alpha-channel-opacity\"\/>\n\n\n\n<p>Este jueves a las 18:00 se realizar\u00e1 una <strong>manifestaci\u00f3n por Gonzalo Ezequiel Tamame, <\/strong>el hombre de 29 a\u00f1os que<a href=\"https:\/\/cdnoticias.com\/index.php\/2025\/07\/23\/un-hombre-que-estaba-aprehendido-en-la-comisaria-primera-fue-hallado-muerto\/\" data-type=\"link\" data-id=\"https:\/\/cdnoticias.com\/index.php\/2025\/07\/23\/un-hombre-que-estaba-aprehendido-en-la-comisaria-primera-fue-hallado-muerto\/\"> falleci\u00f3 en la Comisar\u00eda Primera tras ser aprehendido.<\/a><\/p>\n\n\n\n<p><\/p>\n\n\n\n<p>La familia de Tamame impuls\u00f3 una convocatoria por redes sociales para<strong> reclamar Justifica frente a la sede policial de calle Belgrano.<\/strong><\/p>\n\n\n\n<p><\/p>\n\n\n\n<p>El fallecimiento <strong>ocurri\u00f3 durante la madrugada del mi\u00e9rcoles, tras la aprehensi\u00f3n de Tamame, <\/strong>quien hab\u00eda sido detenido luego de un<strong> llamado al 911 por una situaci\u00f3n vinculada a violencia de g\u00e9nero.<\/strong> El ingreso al sector de calabozos se produjo alrededor de las 2:50, y cerca de las 4 fue hallado sin vida.<\/p>\n\n\n\n<p><\/p>\n\n\n\n<p>De acuerdo a las primeras versiones policiales, <strong>Tamame se habr\u00eda quitado la vida utilizando un buzo, <\/strong>en un momento en que el agente encargado de la vigilancia del calabozo se hab\u00eda retirado brevemente del lugar, presuntamente para buscar un elemento solicitado por el detenido. <strong>Esta secuencia, sin embargo, es parte de la investigaci\u00f3n en curso.<\/strong><\/p>\n\n\n\n<p><\/p>\n\n\n\n<p>La causa, caratulada como<strong> \u201caveriguaci\u00f3n de causales de muerte\u201d<\/strong> e <strong>\u201cincumplimiento de los deberes de funcionario p\u00fablico, severidades, vejaciones y\/o apremios ilegales\u201d<\/strong>, est\u00e1 siendo investigada por la Unidad Funcional de Instrucci\u00f3n N\u00b05, la misma que interven\u00eda inicialmente por los hechos que motivaron la aprehensi\u00f3n de Tamame. A su vez, la Polic\u00eda Federal colabora con las actuaciones.<\/p>\n\n\n\n<p><\/p>\n\n\n\n<p>Ante este contexto, se inform\u00f3 que se aplicar\u00e1 el<a href=\"https:\/\/cdnoticias.com\/index.php\/2025\/07\/23\/aplicaran-el-protocolo-de-minnesota-tras-la-muerte-de-un-aprehendido-en-la-comisaria-primera\/\" data-type=\"link\" data-id=\"https:\/\/cdnoticias.com\/index.php\/2025\/07\/23\/aplicaran-el-protocolo-de-minnesota-tras-la-muerte-de-un-aprehendido-en-la-comisaria-primera\/\"> Protocolo de Minnesota<\/a>, herramienta internacional que se utiliza en casos donde podr\u00eda haber indicios de una ejecuci\u00f3n extrajudicial o participaci\u00f3n estatal en una muerte bajo custodia. La autopsia se realizar\u00e1 en Jun\u00edn.<\/p>\n","protected":false},"excerpt":{"rendered":"<p>Ser\u00e1 este jueves a las 18:00 frente a la seccional. La familia de Gonzalo Tamame impuls\u00f3 la manifestaci\u00f3n en redes<\/p>\n","protected":false},"author":5,"featured_media":177491,"comment_status":"closed","ping_status":"closed","sticky":false,"template":"","format":"standard","meta":{"_jetpack_memberships_contains_paid_content":false,"footnotes":""},"categories":[14,1],"tags":[],"class_list":["post-177565","post","type-post","status-publish","format-standard","has-post-thumbnail","hentry","category-policiales","category-portada"],"jetpack_featured_media_url":"https:\/\/i0.wp.com\/cdnoticias.com\/wp-content\/uploads\/2025\/07\/WhatsApp-Image-2025-07-23-at-11.41.25.jpeg?fit=1280%2C720&ssl=1","jetpack_sharing_enabled":true,"_links":{"self":[{"href":"https:\/\/cdnoticias.com\/index.php\/wp-json\/wp\/v2\/posts\/177565","targetHints":{"allow":["GET"]}}],"collection":[{"href":"https:\/\/cdnoticias.com\/index.php\/wp-json\/wp\/v2\/posts"}],"about":[{"href":"https:\/\/cdnoticias.com\/index.php\/wp-json\/wp\/v2\/types\/post"}],"author":[{"embeddable":true,"href":"https:\/\/cdnoticias.com\/index.php\/wp-json\/wp\/v2\/users\/5"}],"replies":[{"embeddable":true,"href":"https:\/\/cdnoticias.com\/index.php\/wp-json\/wp\/v2\/comments?post=177565"}],"version-history":[{"count":0,"href":"https:\/\/cdnoticias.com\/index.php\/wp-json\/wp\/v2\/posts\/177565\/revisions"}],"wp:featuredmedia":[{"embeddable":true,"href":"https:\/\/cdnoticias.com\/index.php\/wp-json\/wp\/v2\/media\/177491"}],"wp:attachment":[{"href":"https:\/\/cdnoticias.com\/index.php\/wp-json\/wp\/v2\/media?parent=177565"}],"wp:term":[{"taxonomy":"category","embeddable":true,"href":"https:\/\/cdnoticias.com\/index.php\/wp-json\/wp\/v2\/categories?post=177565"},{"taxonomy":"post_tag","embeddable":true,"href":"https:\/\/cdnoticias.com\/index.php\/wp-json\/wp\/v2\/tags?post=177565"}],"curies":[{"name":"wp","href":"https:\/\/api.w.org\/{rel}","templated":true}]}}