{"id":177526,"date":"2025-07-23T18:05:04","date_gmt":"2025-07-23T21:05:04","guid":{"rendered":"https:\/\/cdnoticias.com\/?p=177526"},"modified":"2025-07-23T18:05:06","modified_gmt":"2025-07-23T21:05:06","slug":"este-jueves-promotoras-ambientales-recorreran-la-ruta-naranja","status":"publish","type":"post","link":"https:\/\/cdnoticias.com\/index.php\/2025\/07\/23\/este-jueves-promotoras-ambientales-recorreran-la-ruta-naranja\/","title":{"rendered":"Este jueves, promotoras ambientales recorrer\u00e1n la Ruta Naranja"},"content":{"rendered":"\n<p>Estar\u00e1n presentes en los barrios San Vicente y Amparo Castro con el objetivo de seguir informando a la comunidad sobre la importancia de la separaci\u00f3n de residuos y generar un espacio de intercambio con los vecinos que cuentan con la recolecci\u00f3n diferenciada.<\/p>\n\n\n\n<hr class=\"wp-block-separator aligncenter has-alpha-channel-opacity\"\/>\n\n\n\n<p>El <strong>programa GIRO,<\/strong> dependiente de la Coordinaci\u00f3n de Ambiente de la Secretar\u00eda de Desarrollo Econ\u00f3mico y Productivo del Municipio de Olavarr\u00eda, <strong>contin\u00faa con su trabajo en territorio.<\/strong><\/p>\n\n\n\n<p><\/p>\n\n\n\n<blockquote class=\"wp-block-quote is-layout-flow wp-block-quote-is-layout-flow\">\n<p>Estas actividades se realizan con el objetivo de seguir informando a la comunidad sobre la importancia de la separaci\u00f3n de residuos y generar un espacio de intercambio con los vecinos que cuentan con la recolecci\u00f3n diferenciada.<\/p>\n<\/blockquote>\n\n\n\n<p><\/p>\n\n\n\n<p>Asimismo, las promotoras del programa GIRO <strong>ya recorrieron por segunda vez<\/strong> las rutas celeste, marr\u00f3n, amarilla, azul, gris, rosa y violeta.<\/p>\n\n\n\n<p><\/p>\n\n\n\n<p>Este<strong> jueves 24 de julio<\/strong> comenzar\u00e1n a <strong>recorrer la Ruta Naranja, <\/strong>que incluye el <strong>barrio San Vicente<\/strong> (los l\u00edmites de esta ruta son las calles: avenida Avellaneda, Riobamba, Lavalle, avenida Del Valle y las v\u00edas), y calles que delimitan el <strong>Barrio Amparo Castro.<\/strong><\/p>\n\n\n\n<p><\/p>\n\n\n\n<blockquote class=\"wp-block-quote is-layout-flow wp-block-quote-is-layout-flow\">\n<p>El calendario de recolecci\u00f3n de esta ruta es nocturno: los d\u00edas martes a partir de las 18 horas, la Cooperativa Viento en Contra recolecta los residuos reciclables, y los restantes d\u00edas (excepto el s\u00e1bado) tiene recolecci\u00f3n de basura, a cargo de Transporte Malvinas.<\/p>\n<\/blockquote>\n\n\n\n<p><\/p>\n\n\n\n<p>Se recuerda a la comunidad que <strong>es fundamental que cada hogar respete el calendario de recolecci\u00f3n<\/strong> asignado y que, el d\u00eda martes solo saquen los residuos reciclables, y no saquen la basura. La correcta separaci\u00f3n en origen permite optimizar el trabajo de recuperaci\u00f3n en la <strong>Planta de Clasificaci\u00f3n del Programa GIRO.<\/strong><\/p>\n\n\n\n<p><\/p>\n\n\n\n<p>Para conocer los barrios incluidos en cada una de las rutas, pueden consultar los mapas disponibles en las redes sociales del programa (@giro.olavarria) o en la p\u00e1gina web del municipio (olavarria.gov.ar). <\/p>\n\n\n\n<p><\/p>\n\n\n\n<p>Tambi\u00e9n pueden comunicarse a trav\u00e9s del correo electr\u00f3nico de la Coordinaci\u00f3n de Ambiente (gestionambiental@olavarria.gov.ar) o llamar a los tel\u00e9fonos 422135\/95.<\/p>\n\n\n\n<p><\/p>\n","protected":false},"excerpt":{"rendered":"<p>Estar\u00e1n presentes en los barrios San Vicente y Amparo Castro con el objetivo de seguir informando a la comunidad sobre<\/p>\n","protected":false},"author":6,"featured_media":121277,"comment_status":"closed","ping_status":"closed","sticky":false,"template":"","format":"standard","meta":{"_jetpack_memberships_contains_paid_content":false,"footnotes":""},"categories":[5,1],"tags":[],"class_list":["post-177526","post","type-post","status-publish","format-standard","has-post-thumbnail","hentry","category-informacion-general","category-portada"],"jetpack_featured_media_url":"https:\/\/i0.wp.com\/cdnoticias.com\/wp-content\/uploads\/2024\/07\/giro-ambiente1.jpg?fit=1400%2C931&ssl=1","jetpack_sharing_enabled":true,"_links":{"self":[{"href":"https:\/\/cdnoticias.com\/index.php\/wp-json\/wp\/v2\/posts\/177526","targetHints":{"allow":["GET"]}}],"collection":[{"href":"https:\/\/cdnoticias.com\/index.php\/wp-json\/wp\/v2\/posts"}],"about":[{"href":"https:\/\/cdnoticias.com\/index.php\/wp-json\/wp\/v2\/types\/post"}],"author":[{"embeddable":true,"href":"https:\/\/cdnoticias.com\/index.php\/wp-json\/wp\/v2\/users\/6"}],"replies":[{"embeddable":true,"href":"https:\/\/cdnoticias.com\/index.php\/wp-json\/wp\/v2\/comments?post=177526"}],"version-history":[{"count":0,"href":"https:\/\/cdnoticias.com\/index.php\/wp-json\/wp\/v2\/posts\/177526\/revisions"}],"wp:featuredmedia":[{"embeddable":true,"href":"https:\/\/cdnoticias.com\/index.php\/wp-json\/wp\/v2\/media\/121277"}],"wp:attachment":[{"href":"https:\/\/cdnoticias.com\/index.php\/wp-json\/wp\/v2\/media?parent=177526"}],"wp:term":[{"taxonomy":"category","embeddable":true,"href":"https:\/\/cdnoticias.com\/index.php\/wp-json\/wp\/v2\/categories?post=177526"},{"taxonomy":"post_tag","embeddable":true,"href":"https:\/\/cdnoticias.com\/index.php\/wp-json\/wp\/v2\/tags?post=177526"}],"curies":[{"name":"wp","href":"https:\/\/api.w.org\/{rel}","templated":true}]}}