{"id":177517,"date":"2025-07-23T18:53:47","date_gmt":"2025-07-23T21:53:47","guid":{"rendered":"https:\/\/cdnoticias.com\/?p=177517"},"modified":"2025-07-24T08:45:26","modified_gmt":"2025-07-24T11:45:26","slug":"corte-de-luz-en-un-sector-de-la-ciudad-17","status":"publish","type":"post","link":"https:\/\/cdnoticias.com\/index.php\/2025\/07\/23\/corte-de-luz-en-un-sector-de-la-ciudad-17\/","title":{"rendered":"Corte de luz en un sector de la ciudad"},"content":{"rendered":"\n<p> Se desarrollar\u00e1 durante la ma\u00f1ana de este jueves por mantenimiento de la red el\u00e9ctrica.<\/p>\n\n\n\n<hr class=\"wp-block-separator aligncenter has-alpha-channel-opacity\"\/>\n\n\n\n<p>Desde Coopelectric se inform\u00f3 la <strong>interrupci\u00f3n del servicio el\u00e9ctrico <\/strong>en un sector de la ciudad.<\/p>\n\n\n\n<p><\/p>\n\n\n\n<blockquote class=\"wp-block-quote is-layout-flow wp-block-quote-is-layout-flow\">\n<p>Ser\u00e1 este jueves en el horario de 08:00 a 12:00 y afectar\u00e1 la Zona El Socav\u00f3n, Rivadavia, Frontera Sur, Arroyo y Calle S\/N. <\/p>\n<\/blockquote>\n\n\n\n<p><\/p>\n\n\n\n<p>Por \u00faltimo, indicaron que <strong>el motivo es por mantenimiento<\/strong> y que puede suspenderse si las condiciones clim\u00e1ticas son adversas. En tal caso, las tareas ser\u00e1n reprogramas.<\/p>\n\n\n\n<p><\/p>\n","protected":false},"excerpt":{"rendered":"<p>Se desarrollar\u00e1 durante la ma\u00f1ana de este jueves por mantenimiento de la red el\u00e9ctrica. Desde Coopelectric se inform\u00f3 la interrupci\u00f3n<\/p>\n","protected":false},"author":6,"featured_media":100388,"comment_status":"closed","ping_status":"closed","sticky":false,"template":"","format":"standard","meta":{"_jetpack_memberships_contains_paid_content":false,"footnotes":""},"categories":[5,1],"tags":[],"class_list":["post-177517","post","type-post","status-publish","format-standard","has-post-thumbnail","hentry","category-informacion-general","category-portada"],"jetpack_featured_media_url":"https:\/\/i0.wp.com\/cdnoticias.com\/wp-content\/uploads\/2023\/10\/coopelectric-camion1.webp?fit=800%2C445&ssl=1","jetpack_sharing_enabled":true,"_links":{"self":[{"href":"https:\/\/cdnoticias.com\/index.php\/wp-json\/wp\/v2\/posts\/177517","targetHints":{"allow":["GET"]}}],"collection":[{"href":"https:\/\/cdnoticias.com\/index.php\/wp-json\/wp\/v2\/posts"}],"about":[{"href":"https:\/\/cdnoticias.com\/index.php\/wp-json\/wp\/v2\/types\/post"}],"author":[{"embeddable":true,"href":"https:\/\/cdnoticias.com\/index.php\/wp-json\/wp\/v2\/users\/6"}],"replies":[{"embeddable":true,"href":"https:\/\/cdnoticias.com\/index.php\/wp-json\/wp\/v2\/comments?post=177517"}],"version-history":[{"count":0,"href":"https:\/\/cdnoticias.com\/index.php\/wp-json\/wp\/v2\/posts\/177517\/revisions"}],"wp:featuredmedia":[{"embeddable":true,"href":"https:\/\/cdnoticias.com\/index.php\/wp-json\/wp\/v2\/media\/100388"}],"wp:attachment":[{"href":"https:\/\/cdnoticias.com\/index.php\/wp-json\/wp\/v2\/media?parent=177517"}],"wp:term":[{"taxonomy":"category","embeddable":true,"href":"https:\/\/cdnoticias.com\/index.php\/wp-json\/wp\/v2\/categories?post=177517"},{"taxonomy":"post_tag","embeddable":true,"href":"https:\/\/cdnoticias.com\/index.php\/wp-json\/wp\/v2\/tags?post=177517"}],"curies":[{"name":"wp","href":"https:\/\/api.w.org\/{rel}","templated":true}]}}