{"id":177515,"date":"2025-07-23T16:33:37","date_gmt":"2025-07-23T19:33:37","guid":{"rendered":"https:\/\/cdnoticias.com\/?p=177515"},"modified":"2025-07-23T16:33:37","modified_gmt":"2025-07-23T19:33:37","slug":"nestor-horacio-diaz-q-e-p-d","status":"publish","type":"post","link":"https:\/\/cdnoticias.com\/index.php\/2025\/07\/23\/nestor-horacio-diaz-q-e-p-d\/","title":{"rendered":"N\u00e9stor Horacio D\u00edaz (Q.E.P.D.)"},"content":{"rendered":"\n<p>Falleci\u00f3 en Olavarr\u00eda el 23 de julio de 2025 a los 73 a\u00f1os.&nbsp;<\/p>\n\n\n\n<p>Su esposa Zulema Felisa Gallina. Sus hijos Mar\u00eda Victoria, Yanina Soledad y Adolfo Jose Diaz. Su hijo pol\u00edtico Juan Pablo Laplace. Sus nietos Joaquin, Ludmila, Sofia, Juana, Nacho, Salvador y dem\u00e1s deudos participan su fallecimiento.<\/p>\n\n\n\n<p>Sin velatorio. Responso: Capilla Ardiente. Inhumaci\u00f3n: Crematorio Pinos de Paz, a confirmar.&nbsp;<\/p>\n\n\n\n<p>Barrio en el que viv\u00eda: Microcentro.<\/p>\n\n\n\n<p>Lugar de nacimiento:&nbsp; Olavarr\u00eda.<\/p>\n\n\n\n<p>Actividad que desarrollaba:&nbsp; Jubilado plomero y gasista.<\/p>\n","protected":false},"excerpt":{"rendered":"<p>Falleci\u00f3 en Olavarr\u00eda el 23 de julio de 2025 a los 73 a\u00f1os.&nbsp; Su esposa Zulema Felisa Gallina. Sus hijos<\/p>\n","protected":false},"author":6,"featured_media":100390,"comment_status":"closed","ping_status":"closed","sticky":false,"template":"","format":"standard","meta":{"_jetpack_memberships_contains_paid_content":false,"footnotes":""},"categories":[10],"tags":[],"class_list":["post-177515","post","type-post","status-publish","format-standard","has-post-thumbnail","hentry","category-necrologicas"],"jetpack_featured_media_url":"https:\/\/i0.wp.com\/cdnoticias.com\/wp-content\/uploads\/2023\/10\/necrologicas-390-x-240.jpg?fit=390%2C240&ssl=1","jetpack_sharing_enabled":true,"_links":{"self":[{"href":"https:\/\/cdnoticias.com\/index.php\/wp-json\/wp\/v2\/posts\/177515","targetHints":{"allow":["GET"]}}],"collection":[{"href":"https:\/\/cdnoticias.com\/index.php\/wp-json\/wp\/v2\/posts"}],"about":[{"href":"https:\/\/cdnoticias.com\/index.php\/wp-json\/wp\/v2\/types\/post"}],"author":[{"embeddable":true,"href":"https:\/\/cdnoticias.com\/index.php\/wp-json\/wp\/v2\/users\/6"}],"replies":[{"embeddable":true,"href":"https:\/\/cdnoticias.com\/index.php\/wp-json\/wp\/v2\/comments?post=177515"}],"version-history":[{"count":0,"href":"https:\/\/cdnoticias.com\/index.php\/wp-json\/wp\/v2\/posts\/177515\/revisions"}],"wp:featuredmedia":[{"embeddable":true,"href":"https:\/\/cdnoticias.com\/index.php\/wp-json\/wp\/v2\/media\/100390"}],"wp:attachment":[{"href":"https:\/\/cdnoticias.com\/index.php\/wp-json\/wp\/v2\/media?parent=177515"}],"wp:term":[{"taxonomy":"category","embeddable":true,"href":"https:\/\/cdnoticias.com\/index.php\/wp-json\/wp\/v2\/categories?post=177515"},{"taxonomy":"post_tag","embeddable":true,"href":"https:\/\/cdnoticias.com\/index.php\/wp-json\/wp\/v2\/tags?post=177515"}],"curies":[{"name":"wp","href":"https:\/\/api.w.org\/{rel}","templated":true}]}}