{"id":177470,"date":"2025-07-23T09:01:15","date_gmt":"2025-07-23T12:01:15","guid":{"rendered":"https:\/\/cdnoticias.com\/?p=177470"},"modified":"2025-07-23T12:42:00","modified_gmt":"2025-07-23T15:42:00","slug":"un-hombre-que-estaba-aprehendido-en-la-comisaria-primera-fue-hallado-muerto","status":"publish","type":"post","link":"https:\/\/cdnoticias.com\/index.php\/2025\/07\/23\/un-hombre-que-estaba-aprehendido-en-la-comisaria-primera-fue-hallado-muerto\/","title":{"rendered":"Un hombre que estaba aprehendido en la Comisar\u00eda Primera fue hallado muerto"},"content":{"rendered":"<p>Se investigan las circunstancias. Se encontr\u00f3 su cuerpo hacia las 4 de este mi\u00e9rcoles. Hab\u00eda sido aprehendido poco antes por diversos delitos. Interviene Polic\u00eda Federal.<!--more--><\/p>\n<hr \/>\n<p>Un hombre que estaba <strong>aprehendido en la Comisar\u00eda Primera<\/strong> fue<strong> hallado muerto<\/strong> en la madrugada de este mi\u00e9rcoles.<\/p>\n<blockquote><p><strong>Central de Noticias<\/strong> pudo confirmar que se trata de un hombre de 29 a\u00f1os quien hab\u00eda sido aprehendido por diversos delitos. El arresto se concret\u00f3 hacia las 2.50 de la madrugada y hacia las 4 se produjo el hallazgo del cuerpo, seg\u00fan se detall\u00f3 ante la consulta.<\/p><\/blockquote>\n<p>Se sospecha que se trat\u00f3 de <strong>un suicidio<\/strong> y que el hombre <strong>utiliz\u00f3 una prenda que vest\u00eda<\/strong> para provocarse la asfixia.<\/p>\n<p>Las actuaciones policiales indicaron que el hombre<strong> hab\u00eda sido aprehendido por robo y lesiones en un contexto de violencia de g\u00e9nero<\/strong>.<\/p>\n<p>Las actuaciones por el fallecimiento se desarrollan en estos momentos. Interviene la<strong> Polic\u00eda Federal<\/strong> en la instrucci\u00f3n de la causa penal. Actualmente trabajan <strong>Polic\u00eda Cient\u00edfica y la Fiscal\u00eda de turno<\/strong> en el lugar de los hechos.<\/p>\n","protected":false},"excerpt":{"rendered":"<p>Se investigan las circunstancias. Se encontr\u00f3 su cuerpo hacia las 4 de este mi\u00e9rcoles. Hab\u00eda sido aprehendido poco antes por<\/p>\n","protected":false},"author":4,"featured_media":98565,"comment_status":"closed","ping_status":"closed","sticky":false,"template":"","format":"standard","meta":{"_jetpack_memberships_contains_paid_content":false,"footnotes":""},"categories":[14,1],"tags":[],"class_list":["post-177470","post","type-post","status-publish","format-standard","has-post-thumbnail","hentry","category-policiales","category-portada"],"jetpack_featured_media_url":"https:\/\/i0.wp.com\/cdnoticias.com\/wp-content\/uploads\/2023\/10\/comisaria-primera.jpg?fit=800%2C445&ssl=1","jetpack_sharing_enabled":true,"_links":{"self":[{"href":"https:\/\/cdnoticias.com\/index.php\/wp-json\/wp\/v2\/posts\/177470","targetHints":{"allow":["GET"]}}],"collection":[{"href":"https:\/\/cdnoticias.com\/index.php\/wp-json\/wp\/v2\/posts"}],"about":[{"href":"https:\/\/cdnoticias.com\/index.php\/wp-json\/wp\/v2\/types\/post"}],"author":[{"embeddable":true,"href":"https:\/\/cdnoticias.com\/index.php\/wp-json\/wp\/v2\/users\/4"}],"replies":[{"embeddable":true,"href":"https:\/\/cdnoticias.com\/index.php\/wp-json\/wp\/v2\/comments?post=177470"}],"version-history":[{"count":0,"href":"https:\/\/cdnoticias.com\/index.php\/wp-json\/wp\/v2\/posts\/177470\/revisions"}],"wp:featuredmedia":[{"embeddable":true,"href":"https:\/\/cdnoticias.com\/index.php\/wp-json\/wp\/v2\/media\/98565"}],"wp:attachment":[{"href":"https:\/\/cdnoticias.com\/index.php\/wp-json\/wp\/v2\/media?parent=177470"}],"wp:term":[{"taxonomy":"category","embeddable":true,"href":"https:\/\/cdnoticias.com\/index.php\/wp-json\/wp\/v2\/categories?post=177470"},{"taxonomy":"post_tag","embeddable":true,"href":"https:\/\/cdnoticias.com\/index.php\/wp-json\/wp\/v2\/tags?post=177470"}],"curies":[{"name":"wp","href":"https:\/\/api.w.org\/{rel}","templated":true}]}}