{"id":177466,"date":"2025-07-26T20:38:57","date_gmt":"2025-07-26T23:38:57","guid":{"rendered":"https:\/\/cdnoticias.com\/?p=177466"},"modified":"2025-07-27T11:00:39","modified_gmt":"2025-07-27T14:00:39","slug":"reciclado-con-inclusion-social-el-modelo-de-gestion-de-residuos-en-olavarria","status":"publish","type":"post","link":"https:\/\/cdnoticias.com\/index.php\/2025\/07\/26\/reciclado-con-inclusion-social-el-modelo-de-gestion-de-residuos-en-olavarria\/","title":{"rendered":"Reciclado con inclusi\u00f3n social, el modelo de gesti\u00f3n de residuos en Olavarr\u00eda"},"content":{"rendered":"\n<p>Los protagonistas de GIRO dejaron sus recomendaciones a los vecinos para lograr mayor efectividad en el recupero de materiales. Hoy el relleno sanitario recibe 20 toneladas de basura menos al mes. C\u00f3mo reingresa lo recolectado a la industria.<\/p>\n\n\n\n<hr class=\"wp-block-separator aligncenter has-alpha-channel-opacity\"\/>\n\n\n\n<p><em><strong>Iv\u00e1n Cabello \/ Especial para Central de Noticias<\/strong><\/em><\/p>\n\n\n\n<p>El programa de reciclaje local GIRO (Gesti\u00f3n Integral de Residuos Olavarr\u00eda), que actualmente se encuentra a cargo de la <strong>Cooperativa de trabajo Viento en Contra <\/strong><a href=\"https:\/\/cdnoticias.com\/index.php\/2025\/06\/30\/a-un-ano-de-la-nueva-gestion-el-programa-giro-logro-duplicar-la-recuperacion-de-residuos-reciclables-en-olavarria\/\" target=\"_blank\" rel=\"noreferrer noopener\">cumpli\u00f3 a principios de julio un a\u00f1o de su relanzamiento<\/a>.<\/p>\n\n\n\n<p><\/p>\n\n\n\n<p><em>Central de Noticias<\/em> dialog\u00f3 con dos <strong>referentes de la actividad<\/strong> quienes destacaron el rol que cumplen en la <strong>separaci\u00f3n de residuos<\/strong> tanto los recolectores urbanos como los vecinos en sus hogares.&nbsp;<\/p>\n\n\n\n<p><\/p>\n\n\n\n<p><a href=\"https:\/\/cdnoticias.com\/index.php\/2024\/07\/01\/sigue-el-programa-giro-estara-a-cargo-de-la-cooperativa-viento-en-contra\/\" target=\"_blank\" rel=\"noreferrer noopener\">La Cooperativa lleg\u00f3 al manejo de la planta mediante un convenio con la Municipalidad de Olavarr\u00eda<\/a>, <em>\u201carmamos un proyecto que estuvimos trabajando meses, que en parte tomamos de modelo el programa Argentina Recicla, fue una gesti\u00f3n p\u00fablica que s\u00ed fue importante dentro del gobierno de Alberto Fern\u00e1ndez, del Ministerio de Desarrollo Social, que lo conduce una compa\u00f1era del MTE\u201d <\/em>explic\u00f3 <strong>Juan P\u00e9rez del Movimiento de Trabajadores Excluidos<\/strong> (MTE). <\/p>\n\n\n\n<p><\/p>\n\n\n\n<blockquote class=\"wp-block-quote is-layout-flow wp-block-quote-is-layout-flow\">\n<p>Destac\u00f3 que es \u201cun modelo de reciclado con inclusi\u00f3n social\u201d, que incluye a los recuperadores urbanos \u201ccomo el principal actor dentro de la cadena del reciclado\u201d.<\/p>\n<\/blockquote>\n\n\n\n<p><\/p>\n\n\n\n<p>En este sentido, explic\u00f3 que <strong>los residuos urbanos en Argentina<\/strong> y el mundo est\u00e1n pensados \u201ccomo un sistema lineal en el que \u2018sacas la basura afuera de tu casa, va al basural y no s\u00e9 lo que pasa ah\u00ed porque no lo veo\u2019 \u201d, en cambio con pol\u00edticas como las que implement\u00f3 GIRO con el nuevo relanzamiento <strong>\u201cse pas\u00f3 a pensar en un sistema circular, es decir, que ese residuo es un recurso que no tiene que terminar su vida en un basural sino que tiene que retornar a la industria de la producci\u00f3n de bienes\u201d.<\/strong><\/p>\n\n\n\n<p><\/p>\n\n\n\n<figure class=\"wp-block-image aligncenter size-full\"><img data-recalc-dims=\"1\" loading=\"lazy\" decoding=\"async\" width=\"800\" height=\"532\" src=\"https:\/\/i0.wp.com\/cdnoticias.com\/wp-content\/uploads\/2025\/05\/giro-recoleccion-planta.jpg?resize=800%2C532&#038;ssl=1\" alt=\"\" class=\"wp-image-172006\" srcset=\"https:\/\/i0.wp.com\/cdnoticias.com\/wp-content\/uploads\/2025\/05\/giro-recoleccion-planta.jpg?w=900&amp;ssl=1 900w, https:\/\/i0.wp.com\/cdnoticias.com\/wp-content\/uploads\/2025\/05\/giro-recoleccion-planta.jpg?resize=300%2C200&amp;ssl=1 300w, https:\/\/i0.wp.com\/cdnoticias.com\/wp-content\/uploads\/2025\/05\/giro-recoleccion-planta.jpg?resize=768%2C511&amp;ssl=1 768w, https:\/\/i0.wp.com\/cdnoticias.com\/wp-content\/uploads\/2025\/05\/giro-recoleccion-planta.jpg?resize=272%2C182&amp;ssl=1 272w\" sizes=\"auto, (max-width: 800px) 100vw, 800px\" \/><\/figure>\n\n\n\n<p><\/p>\n\n\n\n<p>Con ello se refiri\u00f3 a la tarea de los recuperadores urbanos: <strong><em>\u201clogran que no se contamine el suelo en los rellenos sanitarios o basurales a cielo abierto. Ellos son una barrera para que no lleguen esos materiales ah\u00ed y vuelvan al circuito comercial\u201d.<\/em><\/strong><\/p>\n\n\n\n<p><\/p>\n\n\n\n<p><a href=\"https:\/\/cdnoticias.com\/index.php\/2024\/07\/01\/sigue-el-programa-giro-estara-a-cargo-de-la-cooperativa-viento-en-contra\/\" target=\"_blank\" rel=\"noreferrer noopener\">Desde el inicio de esta nueva etapa<\/a>, entre los cambios que se agregaron al programa de recolecci\u00f3n diferenciada fue la <strong>utilizaci\u00f3n de un transporte propio<\/strong> para esos materiales.<\/p>\n\n\n\n<p><\/p>\n\n\n\n<p><em>\u201cEmpezamos a utilizar el cami\u00f3n destinado a esa tarea y no recolectar los materiales que la gente confunde de d\u00eda o no son reciclables, entonces disminuy\u00f3 much\u00edsimo la cantidad de rechazo que llegaba a la planta, estoy hablando de toneladas\u201d<\/em> se\u00f1al\u00f3 P\u00e9rez. A\u00f1adi\u00f3 que se dio un aumento en la cantidad de lo que recib\u00eda la planta, ya que \u201cantes de agarrarlo nosotros, que fue una cr\u00edtica que le hac\u00edamos, es que <strong>en tres a\u00f1os de gesti\u00f3n hab\u00edan podido comercializar supuestamente 70 mil kilos y eso nosotros lo hicimos&nbsp;en un a\u00f1o\u201d.<\/strong><\/p>\n\n\n\n<p><\/p>\n\n\n\n<figure class=\"wp-block-image aligncenter size-large\"><img data-recalc-dims=\"1\" loading=\"lazy\" decoding=\"async\" width=\"800\" height=\"534\" src=\"https:\/\/i0.wp.com\/cdnoticias.com\/wp-content\/uploads\/2025\/02\/Programa-Giro-camion-reciclables-1-scaled-1.jpg?resize=800%2C534&#038;ssl=1\" alt=\"\" class=\"wp-image-164689\" srcset=\"https:\/\/i0.wp.com\/cdnoticias.com\/wp-content\/uploads\/2025\/02\/Programa-Giro-camion-reciclables-1-scaled-1.jpg?resize=1024%2C683&amp;ssl=1 1024w, https:\/\/i0.wp.com\/cdnoticias.com\/wp-content\/uploads\/2025\/02\/Programa-Giro-camion-reciclables-1-scaled-1.jpg?resize=300%2C200&amp;ssl=1 300w, https:\/\/i0.wp.com\/cdnoticias.com\/wp-content\/uploads\/2025\/02\/Programa-Giro-camion-reciclables-1-scaled-1.jpg?resize=768%2C512&amp;ssl=1 768w, https:\/\/i0.wp.com\/cdnoticias.com\/wp-content\/uploads\/2025\/02\/Programa-Giro-camion-reciclables-1-scaled-1.jpg?resize=1536%2C1024&amp;ssl=1 1536w, https:\/\/i0.wp.com\/cdnoticias.com\/wp-content\/uploads\/2025\/02\/Programa-Giro-camion-reciclables-1-scaled-1.jpg?resize=2048%2C1366&amp;ssl=1 2048w, https:\/\/i0.wp.com\/cdnoticias.com\/wp-content\/uploads\/2025\/02\/Programa-Giro-camion-reciclables-1-scaled-1.jpg?resize=272%2C182&amp;ssl=1 272w, https:\/\/i0.wp.com\/cdnoticias.com\/wp-content\/uploads\/2025\/02\/Programa-Giro-camion-reciclables-1-scaled-1.jpg?w=1600&amp;ssl=1 1600w, https:\/\/i0.wp.com\/cdnoticias.com\/wp-content\/uploads\/2025\/02\/Programa-Giro-camion-reciclables-1-scaled-1.jpg?w=2400&amp;ssl=1 2400w\" sizes=\"auto, (max-width: 800px) 100vw, 800px\" \/><\/figure>\n\n\n\n<p><\/p>\n\n\n\n<p class=\"has-large-font-size\">Los materiales: lo que s\u00ed y que no<\/p>\n\n\n\n<p>Ahora bien, no todo el material reciclable que recolectan desde GIRO y que llega a la planta se reutiliza, sino que del total de kilos <strong>\u201cahora se recupera el 50%\u201d<\/strong> indic\u00f3 P\u00e9rez.<\/p>\n\n\n\n<p><\/p>\n\n\n\n<p>Esto se debe a que llegan a la planta muchos elementos que se desechan porque no se pueden reciclar, \u201c<em>hay materiales que se ven\u00edan comercializando y se dejaron de comercializar porque la industria no los est\u00e1 comprando entonces mucho de eso va a parar al rechazo y no le pod\u00e9s decir al corredor \u2018esto juntalo y esto no\u2019\u201d.<\/em><\/p>\n\n\n\n<p><\/p>\n\n\n\n<p><strong>Giselle Rastelli es trabajadora de la planta de reciclaje de GIRO<\/strong>. Ella coincidi\u00f3 con P\u00e9rez en que llegan <strong>muchos materiales que no son aptos para el reciclaje.<\/strong> En el momento en que abren la bolsa se dan cuenta <em>\u201cque muchas veces&nbsp; los vecinos de Olavarr\u00eda en la parte de arriba ponen cart\u00f3n, botellas y abajo del todo, te encontr\u00e1s jeringas, cosas de veterinaria, cosas mal clasificadas, comida, basura que la gente tira\u201d<\/em>. En este sentido, remarc\u00f3 que los materiales que los vecinos separan <strong>\u201ctienen que estar limpios y secos\u201d.<\/strong>&nbsp;&nbsp;<\/p>\n\n\n\n<p><\/p>\n\n\n\n<figure class=\"wp-block-image aligncenter size-full\"><img data-recalc-dims=\"1\" loading=\"lazy\" decoding=\"async\" width=\"800\" height=\"445\" src=\"https:\/\/i0.wp.com\/cdnoticias.com\/wp-content\/uploads\/2024\/10\/GIRO-promotoras-ambientales.jpg?resize=800%2C445&#038;ssl=1\" alt=\"\" class=\"wp-image-127997\" srcset=\"https:\/\/i0.wp.com\/cdnoticias.com\/wp-content\/uploads\/2024\/10\/GIRO-promotoras-ambientales.jpg?w=800&amp;ssl=1 800w, https:\/\/i0.wp.com\/cdnoticias.com\/wp-content\/uploads\/2024\/10\/GIRO-promotoras-ambientales.jpg?resize=300%2C167&amp;ssl=1 300w, https:\/\/i0.wp.com\/cdnoticias.com\/wp-content\/uploads\/2024\/10\/GIRO-promotoras-ambientales.jpg?resize=768%2C427&amp;ssl=1 768w\" sizes=\"auto, (max-width: 800px) 100vw, 800px\" \/><\/figure>\n\n\n\n<p><\/p>\n\n\n\n<p>La operaria de la planta resalt\u00f3 que \u201c<strong>entre las cosas que llegan que no son reciclables tenes pa\u00f1ales, poda, resto de comida<\/strong>\u201d. Sum\u00f3 otro de los elementos m\u00e1s comunes que env\u00edan desde los domicilios: el telgopor \u201cq<em>ue m\u00e1s all\u00e1 de que sean reciclables, nosotros no tenemos salida en el mercado para poder comercializarlo\u201d.<\/em><\/p>\n\n\n\n<p><\/p>\n\n\n\n<p>El vidrio es otro de los reciclables, pero no todo.<strong> \u201cEs solo botella, no de otras cosas porque tienen otros tratamientos qu\u00edmicos\u201d<\/strong> aclar\u00f3 Juan P\u00e9rez.<\/p>\n\n\n\n<p><\/p>\n\n\n\n<blockquote class=\"wp-block-quote is-layout-flow wp-block-quote-is-layout-flow\">\n<p>En ese sentido, Giselle aprovech\u00f3 la oportunidad para enviar un mensaje a los vecinos de Olavarr\u00eda: \u201ctengan muy en cuenta los d\u00edas que pasa el cami\u00f3n a juntar los reciclables, y por favor no saquen los materiales que no lo son\u201d.&nbsp;<\/p>\n<\/blockquote>\n\n\n\n<p><\/p>\n\n\n\n<p>Este tipo de informaciones respecto de las condiciones en que deben estar los reciclables, los elementos que sirven y no, los d\u00edas de la recolecci\u00f3n diferenciada son brindados en muchas oportunidades por <a href=\"https:\/\/cdnoticias.com\/index.php\/2024\/07\/23\/programa-giro-comenzaron-las-recorridas-de-promotoras-ambientales\/\" target=\"_blank\" rel=\"noreferrer noopener\">las promotoras ambientales.<\/a><\/p>\n\n\n\n<p><\/p>\n\n\n\n<figure class=\"wp-block-image aligncenter size-large\"><img data-recalc-dims=\"1\" loading=\"lazy\" decoding=\"async\" width=\"800\" height=\"532\" src=\"https:\/\/i0.wp.com\/cdnoticias.com\/wp-content\/uploads\/2024\/07\/giro-ambiente1.jpg?resize=800%2C532&#038;ssl=1\" alt=\"\" class=\"wp-image-121277\" srcset=\"https:\/\/i0.wp.com\/cdnoticias.com\/wp-content\/uploads\/2024\/07\/giro-ambiente1.jpg?resize=1024%2C681&amp;ssl=1 1024w, https:\/\/i0.wp.com\/cdnoticias.com\/wp-content\/uploads\/2024\/07\/giro-ambiente1.jpg?resize=300%2C200&amp;ssl=1 300w, https:\/\/i0.wp.com\/cdnoticias.com\/wp-content\/uploads\/2024\/07\/giro-ambiente1.jpg?resize=768%2C511&amp;ssl=1 768w, https:\/\/i0.wp.com\/cdnoticias.com\/wp-content\/uploads\/2024\/07\/giro-ambiente1.jpg?resize=272%2C182&amp;ssl=1 272w, https:\/\/i0.wp.com\/cdnoticias.com\/wp-content\/uploads\/2024\/07\/giro-ambiente1.jpg?w=1400&amp;ssl=1 1400w\" sizes=\"auto, (max-width: 800px) 100vw, 800px\" \/><\/figure>\n\n\n\n<p><\/p>\n\n\n\n<p><strong>\u201cSon compa\u00f1eras del sector, hijas o esposas de cartones, incluso tambi\u00e9n cartoneras\u201d<\/strong> describe Juan P\u00e9rez. \u201c<strong>Son todas mujeres y eso es importante, por una cuesti\u00f3n de g\u00e9nero donde la mujer hist\u00f3ricamente ha sido la invisible del sector y a trav\u00e9s de este programa pueden ser la cara visible\u201d<\/strong> complet\u00f3.<\/p>\n\n\n\n<p><\/p>\n\n\n\n<p>Desempe\u00f1an una tarea en la que recorren los barrios en los que act\u00faa GIRO, <em>\u201cpara insistir con la importancia de la separaci\u00f3n en origen de los materiales, c\u00f3mo beneficia al sector y c\u00f3mo mejorar el trabajo que hacen nuestros compa\u00f1eros en base a clasificar<\/em>\u201d. Cont\u00f3 que asimismo hacen jornadas de separaci\u00f3n en jardines y escuelas.<\/p>\n\n\n\n<p><\/p>\n\n\n\n<blockquote class=\"wp-block-quote is-layout-flow wp-block-quote-is-layout-flow\">\n<p>A la planta llega todos los d\u00edas el cami\u00f3n que transporta lo que los vecinos de los distintos barrios separan en sus hogares: \u201cson dos descargas, una nocturna y otra que se hace a la ma\u00f1ana\u201d<em> <\/em>indic\u00f3 Rastelli.<\/p>\n<\/blockquote>\n\n\n\n<p><\/p>\n\n\n\n<p>Respecto a la cantidad de materiales recolectados y aptos para reciclar, <strong>\u201cen GIRO se juntan m\u00e1s o menos&nbsp;20 toneladas por mes\u201d<\/strong> confirm\u00f3 Juan P\u00e9rez. Esta cantidad est\u00e1 representada por la <strong>recolecci\u00f3n diferenciada en los distintos barrios y la recuperaci\u00f3n de los ecopuntos,<\/strong> que son los contenedores ubicados en plazas, parques y lugares p\u00fablicos. <\/p>\n\n\n\n<p><\/p>\n\n\n\n<p>Respecto de si lo recolectado por GIRO se junta para comercializarse junto con lo recolectado por la cooperativa Viento en Contra en su planta, \u201c<strong>esa articulaci\u00f3n no existe. Porque la planta de Viento en Contra son materiales de nuestros compa\u00f1eros\u201d<\/strong> explic\u00f3 Juan P\u00e9rez.<\/p>\n\n\n\n<p><\/p>\n\n\n\n<figure class=\"wp-block-image aligncenter size-large\"><img data-recalc-dims=\"1\" loading=\"lazy\" decoding=\"async\" width=\"800\" height=\"533\" src=\"https:\/\/i0.wp.com\/cdnoticias.com\/wp-content\/uploads\/2022\/08\/DE-Programa-GIRO-Movil-3.jpg?resize=800%2C533&#038;ssl=1\" alt=\"\" class=\"wp-image-63797\" srcset=\"https:\/\/i0.wp.com\/cdnoticias.com\/wp-content\/uploads\/2022\/08\/DE-Programa-GIRO-Movil-3.jpg?resize=1024%2C682&amp;ssl=1 1024w, https:\/\/i0.wp.com\/cdnoticias.com\/wp-content\/uploads\/2022\/08\/DE-Programa-GIRO-Movil-3.jpg?resize=300%2C200&amp;ssl=1 300w, https:\/\/i0.wp.com\/cdnoticias.com\/wp-content\/uploads\/2022\/08\/DE-Programa-GIRO-Movil-3.jpg?resize=768%2C512&amp;ssl=1 768w, https:\/\/i0.wp.com\/cdnoticias.com\/wp-content\/uploads\/2022\/08\/DE-Programa-GIRO-Movil-3.jpg?resize=1536%2C1024&amp;ssl=1 1536w, https:\/\/i0.wp.com\/cdnoticias.com\/wp-content\/uploads\/2022\/08\/DE-Programa-GIRO-Movil-3.jpg?resize=272%2C182&amp;ssl=1 272w, https:\/\/i0.wp.com\/cdnoticias.com\/wp-content\/uploads\/2022\/08\/DE-Programa-GIRO-Movil-3.jpg?w=1772&amp;ssl=1 1772w, https:\/\/i0.wp.com\/cdnoticias.com\/wp-content\/uploads\/2022\/08\/DE-Programa-GIRO-Movil-3.jpg?w=1600&amp;ssl=1 1600w\" sizes=\"auto, (max-width: 800px) 100vw, 800px\" \/><\/figure>\n\n\n\n<p><\/p>\n\n\n\n<p class=\"has-large-font-size\">Devolver a la industria<\/p>\n\n\n\n<p>Los vecinos separan sus residuos, los trabajadores de la planta de GIRO se encargan de recolectarlos y clasificarlos, pero otro de los pasos es que vuelvan al circuito productivo para que <strong>la industria los utilice para la confecci\u00f3n de diferentes materiales.<\/strong><\/p>\n\n\n\n<p><\/p>\n\n\n\n<p>Esto se da mediante <a href=\"https:\/\/cdnoticias.com\/index.php\/2025\/05\/20\/programa-giro-se-procesaron-mas-de-25-mil-kilos-de-residuos-reciclables\/\" target=\"_blank\" rel=\"noreferrer noopener\">la comercializaci\u00f3n del material recolectado<\/a>. GIRO los vende \u201c<strong>directamente a la industria del reciclado\u201d<\/strong> se\u00f1ala P\u00e9rez.<\/p>\n\n\n\n<p><\/p>\n\n\n\n<p>En detalle \u201c<em>por un lado vendes cart\u00f3n donde vuelven a hacer envases de cart\u00f3n,\u00a0por el otro vendes el PET o el soplado que es la botella de lavandina y dem\u00e1s a la industria que la tritura, la lava y la vuelve a hacer botella. El aluminio va a la industria que funde el aluminio. Tenemos m\u00e1s de un cliente\u201d.<\/em><\/p>\n\n\n\n<p><\/p>\n\n\n\n<p>El <strong>\u00fanico material que comercializan en Olavarr\u00eda es la botella de vidrio. <\/strong>\u201cLo vendemos ac\u00e1 porque el costo log\u00edstico no se justifica\u201d indic\u00f3.<\/p>\n\n\n\n<p><\/p>\n\n\n\n<figure class=\"wp-block-image aligncenter size-large\"><img data-recalc-dims=\"1\" loading=\"lazy\" decoding=\"async\" width=\"800\" height=\"532\" src=\"https:\/\/i0.wp.com\/cdnoticias.com\/wp-content\/uploads\/2024\/07\/giro-ambiente2.jpg?resize=800%2C532&#038;ssl=1\" alt=\"\" class=\"wp-image-121278\" srcset=\"https:\/\/i0.wp.com\/cdnoticias.com\/wp-content\/uploads\/2024\/07\/giro-ambiente2.jpg?resize=1024%2C681&amp;ssl=1 1024w, https:\/\/i0.wp.com\/cdnoticias.com\/wp-content\/uploads\/2024\/07\/giro-ambiente2.jpg?resize=300%2C200&amp;ssl=1 300w, https:\/\/i0.wp.com\/cdnoticias.com\/wp-content\/uploads\/2024\/07\/giro-ambiente2.jpg?resize=768%2C511&amp;ssl=1 768w, https:\/\/i0.wp.com\/cdnoticias.com\/wp-content\/uploads\/2024\/07\/giro-ambiente2.jpg?resize=272%2C182&amp;ssl=1 272w, https:\/\/i0.wp.com\/cdnoticias.com\/wp-content\/uploads\/2024\/07\/giro-ambiente2.jpg?w=1400&amp;ssl=1 1400w\" sizes=\"auto, (max-width: 800px) 100vw, 800px\" \/><\/figure>\n\n\n\n<p class=\"has-large-font-size\">Los valores<\/p>\n\n\n\n<p>En cuanto a los precios del mercado de los materiales reciclados, el integrante del MTE no dio mayores detalles. Sin embargo, s\u00ed realiz\u00f3 una comparaci\u00f3n en cuanto al nivel de cu\u00e1l es mejor pago y por cu\u00e1l se paga menos: \u201c<strong>Siempre lo que m\u00e1s valen son los metales: nosotros solo juntamos el aluminio y la chatarra que viene a ser la lata de conserva, que tiene que ver con el residuo domiciliario\u201d.<\/strong><\/p>\n\n\n\n<p><\/p>\n\n\n\n<blockquote class=\"wp-block-quote is-layout-flow wp-block-quote-is-layout-flow\">\n<p>Respecto a los vidrios \u201ces lo que m\u00e1s pesa, lo que m\u00e1s se mueve, pero lo que menos vale\u201d. En resumen \u201clo que m\u00e1s vale son los metales, le siguen los pl\u00e1sticos y despu\u00e9s el papel blanco, atr\u00e1s el cart\u00f3n y el papel de segunda\u201d.<\/p>\n<\/blockquote>\n\n\n\n<p><\/p>\n\n\n\n<p>El<strong> precio del cart\u00f3n<\/strong> sufri\u00f3 un duro golpe en 2024, cuando se vio impactado por la <strong>liberaci\u00f3n de importaciones<\/strong>. Esta medida, seg\u00fan Juan P\u00e9rez, <strong>perjudic\u00f3 mucho \u201ca los compa\u00f1eros que tienen su trabajo independiente y no est\u00e1n vinculados a la cooperativa, ya que tenes que juntar el doble<\/strong>\u201d para obtener los mismos ingresos. Contrast\u00f3 que \u201cnosotros gracias a que tenemos el convenio no necesitamos sacarle casi ni un centavo al material que llevan los compa\u00f1eros\u201d.<\/p>\n\n\n\n<p><\/p>\n\n\n\n<figure class=\"wp-block-image aligncenter size-large\"><img data-recalc-dims=\"1\" loading=\"lazy\" decoding=\"async\" width=\"800\" height=\"533\" src=\"https:\/\/i0.wp.com\/cdnoticias.com\/wp-content\/uploads\/2022\/12\/DE-Giro-Balance-2022-2.jpg?resize=800%2C533&#038;ssl=1\" alt=\"\" class=\"wp-image-73476\" srcset=\"https:\/\/i0.wp.com\/cdnoticias.com\/wp-content\/uploads\/2022\/12\/DE-Giro-Balance-2022-2.jpg?resize=1024%2C682&amp;ssl=1 1024w, https:\/\/i0.wp.com\/cdnoticias.com\/wp-content\/uploads\/2022\/12\/DE-Giro-Balance-2022-2.jpg?resize=300%2C200&amp;ssl=1 300w, https:\/\/i0.wp.com\/cdnoticias.com\/wp-content\/uploads\/2022\/12\/DE-Giro-Balance-2022-2.jpg?resize=768%2C512&amp;ssl=1 768w, https:\/\/i0.wp.com\/cdnoticias.com\/wp-content\/uploads\/2022\/12\/DE-Giro-Balance-2022-2.jpg?resize=1536%2C1024&amp;ssl=1 1536w, https:\/\/i0.wp.com\/cdnoticias.com\/wp-content\/uploads\/2022\/12\/DE-Giro-Balance-2022-2.jpg?resize=272%2C182&amp;ssl=1 272w, https:\/\/i0.wp.com\/cdnoticias.com\/wp-content\/uploads\/2022\/12\/DE-Giro-Balance-2022-2.jpg?w=1772&amp;ssl=1 1772w, https:\/\/i0.wp.com\/cdnoticias.com\/wp-content\/uploads\/2022\/12\/DE-Giro-Balance-2022-2.jpg?w=1600&amp;ssl=1 1600w\" sizes=\"auto, (max-width: 800px) 100vw, 800px\" \/><\/figure>\n\n\n\n<p><\/p>\n\n\n\n<p>Tuvo en cuenta que otro factor que influy\u00f3 es el consumo a la baja que redund\u00f3 en la ca\u00edda del precio. Una de las l\u00edneas de recolecci\u00f3n GIRO que se dio de baja eran los compostables, que seg\u00fan P\u00e9rez \u201c<strong>estaba muy mal pensado de entrada\u201d. <\/strong><\/p>\n\n\n\n<p><\/p>\n\n\n\n<p>Adem\u00e1s critica la modalidad de trabajo que ten\u00edan con \u00e9l, ya que <em>\u201cse pasaba a la cinta, los compa\u00f1eros romp\u00edan la bolsas y sacaban lo que no era compostable un d\u00eda determinado a la semana. Pero pasa que vos est\u00e1s manipulando org\u00e1nicos y eso no es lo mismo que un reciclable que es inorg\u00e1nico, que no deber\u00eda tener ning\u00fan patog\u00e9nico asociado, pero lo org\u00e1nico s\u00ed\u201d.<\/em> En este sentido: \u201c<strong>Yo apuesto m\u00e1s al compost domiciliario y algo m\u00e1s ideal, pensar en compost comunitario\u201d.<\/strong><\/p>\n\n\n\n<p><\/p>\n\n\n\n<p class=\"has-large-font-size\">Dignificar el trabajo<\/p>\n\n\n\n<p>Entre los objetivos con que se propone la planta de reciclables de GIRO, se encuentran la recolecci\u00f3n en mayores cantidades: <strong>\u201cQue la gente pueda separar m\u00e1s y mejor los reciclables para que llegue mejor volumen. Un objetivo\u00a0 fundamental es que empiecen a llegar grandes generadores de reciclables<\/strong>\u201d proyect\u00f3 Juan P\u00e9rez.<\/p>\n\n\n\n<p><\/p>\n\n\n\n<blockquote class=\"wp-block-quote is-layout-flow wp-block-quote-is-layout-flow\">\n<p>Las condiciones laborales son siempre un tema central: \u201ccomo organizaci\u00f3n a nosotros nos encantar\u00eda que las personas que trabajan en la monta\u00f1a de basura puedan dignificar su laburo entrando a trabajar en una planta de reciclado como la que hay ah\u00ed (GIRO), cambiar las condiciones laborales de los propios trabajadores que hay actualmente y que conviven\u201d.<\/p>\n<\/blockquote>\n\n\n\n<p><\/p>\n\n\n\n<p>Concluy\u00f3 en que si los vecinos realizan una separaci\u00f3n domiciliaria acorde el material llegar\u00eda en mayores cantidades y eso provocar\u00eda \u201c<strong>poder ocupar m\u00e1s gente trabajando dignamente\u201d.<\/strong><\/p>\n\n\n\n<p><\/p>\n","protected":false},"excerpt":{"rendered":"<p>Los protagonistas de GIRO dejaron sus recomendaciones a los vecinos para lograr mayor efectividad en el recupero de materiales. Hoy<\/p>\n","protected":false},"author":2,"featured_media":121279,"comment_status":"closed","ping_status":"closed","sticky":false,"template":"","format":"standard","meta":{"_jetpack_memberships_contains_paid_content":false,"footnotes":""},"categories":[5,1],"tags":[],"class_list":["post-177466","post","type-post","status-publish","format-standard","has-post-thumbnail","hentry","category-informacion-general","category-portada"],"jetpack_featured_media_url":"https:\/\/i0.wp.com\/cdnoticias.com\/wp-content\/uploads\/2024\/07\/giro-ambiente3.jpg?fit=1400%2C931&ssl=1","jetpack_sharing_enabled":true,"_links":{"self":[{"href":"https:\/\/cdnoticias.com\/index.php\/wp-json\/wp\/v2\/posts\/177466","targetHints":{"allow":["GET"]}}],"collection":[{"href":"https:\/\/cdnoticias.com\/index.php\/wp-json\/wp\/v2\/posts"}],"about":[{"href":"https:\/\/cdnoticias.com\/index.php\/wp-json\/wp\/v2\/types\/post"}],"author":[{"embeddable":true,"href":"https:\/\/cdnoticias.com\/index.php\/wp-json\/wp\/v2\/users\/2"}],"replies":[{"embeddable":true,"href":"https:\/\/cdnoticias.com\/index.php\/wp-json\/wp\/v2\/comments?post=177466"}],"version-history":[{"count":0,"href":"https:\/\/cdnoticias.com\/index.php\/wp-json\/wp\/v2\/posts\/177466\/revisions"}],"wp:featuredmedia":[{"embeddable":true,"href":"https:\/\/cdnoticias.com\/index.php\/wp-json\/wp\/v2\/media\/121279"}],"wp:attachment":[{"href":"https:\/\/cdnoticias.com\/index.php\/wp-json\/wp\/v2\/media?parent=177466"}],"wp:term":[{"taxonomy":"category","embeddable":true,"href":"https:\/\/cdnoticias.com\/index.php\/wp-json\/wp\/v2\/categories?post=177466"},{"taxonomy":"post_tag","embeddable":true,"href":"https:\/\/cdnoticias.com\/index.php\/wp-json\/wp\/v2\/tags?post=177466"}],"curies":[{"name":"wp","href":"https:\/\/api.w.org\/{rel}","templated":true}]}}