{"id":177464,"date":"2025-07-22T20:03:06","date_gmt":"2025-07-22T23:03:06","guid":{"rendered":"https:\/\/cdnoticias.com\/?p=177464"},"modified":"2025-07-22T20:03:07","modified_gmt":"2025-07-22T23:03:07","slug":"el-partido-libertario-presento-lista-en-olavarria-formado-del-compromiso-directo-de-los-ciudadanos-de-a-pie","status":"publish","type":"post","link":"https:\/\/cdnoticias.com\/index.php\/2025\/07\/22\/el-partido-libertario-presento-lista-en-olavarria-formado-del-compromiso-directo-de-los-ciudadanos-de-a-pie\/","title":{"rendered":"El Partido Libertario present\u00f3 lista en Olavarr\u00eda formado \u201cdel compromiso directo de los ciudadanos de a pie\u201d"},"content":{"rendered":"\n<p>Emitieron un comunicado en el que expresaron no tener \u201cestructuras partidarias\u201d ni \u201cv\u00ednculos con agrupaciones pol\u00edticas anteriores\u201d. Gustavo Alejandro Torrisi es el primer candidato a concejal.<\/p>\n\n\n\n<hr class=\"wp-block-separator aligncenter has-alpha-channel-opacity\"\/>\n\n\n\n<p>Este martes, <strong>el Partido Libertario de Olavarr\u00eda<\/strong> emiti\u00f3 un comunicado en el que informan a la comunidad que har\u00e1n una pre-campa\u00f1a \u201ccon vistas a las elecciones legislativas 2025\u201d en Olavarr\u00eda. <strong>Gustavo Alejandro Torrisi ser\u00e1 el primer candidato a concejal.<\/strong><\/p>\n\n\n\n<p>En un comunicado de prensa, expresaron que el proyecto<em> \u201cnace del compromiso directo con los ciudadanos de a pie, y que no tiene \u201cestructuras partidarias tradicionales ni v\u00ednculos con agrupaciones pol\u00edticas anteriores\u201d.<\/em><\/p>\n\n\n\n<p><em>\u201cEs fundamental aclarar que el Partido Libertario no forma parte ni responde a ning\u00fan otro espacio pol\u00edtico con representaci\u00f3n previa en el Estado. Nos diferenciamos por ser una construcci\u00f3n aut\u00e9nticamente ciudadana, conformada por comerciantes, trabajadores independientes, profesionales, monotributistas, choferes y emprendedores que conocen de primera mano los desaf\u00edos de la econom\u00eda real, la carga impositiva, la burocracia estatal y la inseguridad jur\u00eddica que enfrentan quienes producen en nuestra ciudad\u201d.<\/em><\/p>\n\n\n\n<p>Insistieron en que son ciudadanos que decidieron <em><strong>\u201ccomprometernos para recuperar la libertad individual, la propiedad privada y los principios de libre mercado en nuestra ciudad\u201d.<\/strong><\/em><\/p>\n\n\n\n<p><em>\u201cNuestra \u00fanica lealtad es con la gente que trabaja, produce y quiere vivir en una ciudad m\u00e1s libre, m\u00e1s segura y m\u00e1s justa\u201d.<\/em><\/p>\n\n\n\n<p><strong>En las pr\u00f3ximas semanas dar\u00e1n a conocer las propuestas para el Concejo Deliberante,<\/strong> enfocadas en <em>\u201cla reducci\u00f3n del gasto pol\u00edtico, la transparencia municipal, el alivio fiscal al contribuyente, la defensa del trabajo y la propiedad privada y la simplificaci\u00f3n de tr\u00e1mites\u201d.<\/em><\/p>\n","protected":false},"excerpt":{"rendered":"<p>Emitieron un comunicado en el que expresaron no tener \u201cestructuras partidarias\u201d ni \u201cv\u00ednculos con agrupaciones pol\u00edticas anteriores\u201d. Gustavo Alejandro Torrisi<\/p>\n","protected":false},"author":2,"featured_media":171607,"comment_status":"closed","ping_status":"closed","sticky":false,"template":"","format":"standard","meta":{"_jetpack_memberships_contains_paid_content":false,"footnotes":""},"categories":[4,1],"tags":[],"class_list":["post-177464","post","type-post","status-publish","format-standard","has-post-thumbnail","hentry","category-politica","category-portada"],"jetpack_featured_media_url":"https:\/\/i0.wp.com\/cdnoticias.com\/wp-content\/uploads\/2025\/05\/DIB-urnas-elecciones.jpeg?fit=630%2C420&ssl=1","jetpack_sharing_enabled":true,"_links":{"self":[{"href":"https:\/\/cdnoticias.com\/index.php\/wp-json\/wp\/v2\/posts\/177464","targetHints":{"allow":["GET"]}}],"collection":[{"href":"https:\/\/cdnoticias.com\/index.php\/wp-json\/wp\/v2\/posts"}],"about":[{"href":"https:\/\/cdnoticias.com\/index.php\/wp-json\/wp\/v2\/types\/post"}],"author":[{"embeddable":true,"href":"https:\/\/cdnoticias.com\/index.php\/wp-json\/wp\/v2\/users\/2"}],"replies":[{"embeddable":true,"href":"https:\/\/cdnoticias.com\/index.php\/wp-json\/wp\/v2\/comments?post=177464"}],"version-history":[{"count":0,"href":"https:\/\/cdnoticias.com\/index.php\/wp-json\/wp\/v2\/posts\/177464\/revisions"}],"wp:featuredmedia":[{"embeddable":true,"href":"https:\/\/cdnoticias.com\/index.php\/wp-json\/wp\/v2\/media\/171607"}],"wp:attachment":[{"href":"https:\/\/cdnoticias.com\/index.php\/wp-json\/wp\/v2\/media?parent=177464"}],"wp:term":[{"taxonomy":"category","embeddable":true,"href":"https:\/\/cdnoticias.com\/index.php\/wp-json\/wp\/v2\/categories?post=177464"},{"taxonomy":"post_tag","embeddable":true,"href":"https:\/\/cdnoticias.com\/index.php\/wp-json\/wp\/v2\/tags?post=177464"}],"curies":[{"name":"wp","href":"https:\/\/api.w.org\/{rel}","templated":true}]}}