{"id":177419,"date":"2025-07-22T20:18:57","date_gmt":"2025-07-22T23:18:57","guid":{"rendered":"https:\/\/cdnoticias.com\/?p=177419"},"modified":"2025-07-23T12:41:46","modified_gmt":"2025-07-23T15:41:46","slug":"elecciones-bonaerenses-olavarria-tendra-101-087-votantes-en-septiembre","status":"publish","type":"post","link":"https:\/\/cdnoticias.com\/index.php\/2025\/07\/22\/elecciones-bonaerenses-olavarria-tendra-101-087-votantes-en-septiembre\/","title":{"rendered":"Elecciones bonaerenses: Olavarr\u00eda tendr\u00e1 101.087 votantes en septiembre"},"content":{"rendered":"<p>Los electores urbanos y de las localidades. Habr\u00e1 300 mesas habilitadas. Una de las mesas de extranjeros estar\u00e1 en Loma Negra.<!--more--><\/p>\n<hr \/>\n<p><strong>El 7 de septiembre<\/strong> se realizar\u00e1n las <strong>elecciones legislativas<\/strong> en la provincia de Buenos Aires. En la preparaci\u00f3n de ese acto, la <strong>Junta Electoral<\/strong> bonaerense <strong>aprob\u00f3 los padrones de electores habilitados<\/strong> a participar.<\/p>\n<p>Estas elecciones son<em> las primeras puramente provinciales organizadas por la administraci\u00f3n bonaerense<\/em>. Esa organizaci\u00f3n implica no s\u00f3lo los padrones, sino la ubicaci\u00f3n de las mesas y la disposici\u00f3n del sistema en sus aspectos administrativos y materiales.<\/p>\n<p>En los 135 municipios habr\u00e1 <strong>14.376.592 electores y 41.189 mesas<\/strong>. De ellos, 13.361.359 votantes son habilitados por el padr\u00f3n general para que concurrir a 38.788 mesas. Se suman 1.015.233 de <a href=\"https:\/\/cdnoticias.com\/index.php\/2025\/07\/15\/provincia-mas-de-un-millon-de-extranjeros-podran-votar-un-23-mas-que-en-2021\/\" target=\"_blank\" rel=\"noopener\">votantes extranjeros<\/a> para quienes se habilitar\u00e1n 2.401 mesas.<\/p>\n<blockquote><p>En Olavarr\u00eda son 101.087 los votantes habilitados para septiembre que concurrir\u00e1n a 300 mesas. De ellos, 99.434 est\u00e1n en el padr\u00f3n general para votar en 295 mesas. Se suman 1.653 electores extranjeros para quienes se dispusieron 5 mesas. Como novedad, en esta elecci\u00f3n una de las mesas de extranjeros se ubicar\u00e1 en Loma Negra mientras que las otras cuatro se mantendr\u00e1n en Olavarr\u00eda.<\/p><\/blockquote>\n<p>A su vez, en cuanto al padr\u00f3n general unos <strong>85 mil electores se ubican en los domicilios de la ciudad de Olavarr\u00eda<\/strong> mientras que poco m\u00e1s de<strong> 14 mil est\u00e1n en las localidades y en sectores rurales<\/strong>.<\/p>\n<p>Los electores del distrito de Olavarr\u00eda votar\u00e1n en septiembre 10 concejales y 4 consejeros escolares.<\/p>\n<h4>En la S\u00e9ptima<\/h4>\n<p>En el total de la<strong> secci\u00f3n S\u00e9ptima<\/strong> habr\u00e1 <strong>285.047 electores<\/strong> y se habilitar\u00e1n en todos los distritos <strong>867 mesas<\/strong>.<\/p>\n<p><strong>Olavarr\u00eda<\/strong> es el mayor distrito de la secci\u00f3n: aqu\u00ed se ubica el<strong> 35,5% del electorado provincial<\/strong>. El segundo distrito en cuanto a cantidad de electores es Azul con el 21% de los votantes (60.070). En cuanto a cantidad de electores, Bol\u00edvar tiene 31.766 votantes.<\/p>\n<p>Los electores de la secci\u00f3n S\u00e9ptima votar\u00e1n en septiembre tres senadores.<\/p>\n<h4>La elecci\u00f3n provincial<\/h4>\n<p>Los 14 millones de electores bonaerenses elegir\u00e1n en septiembre <strong>23 senadores y 46 diputados<\/strong> para la Legislatura provincial.<\/p>\n<p>Asimismo, entre todos los distritos se elegir\u00e1n <strong>1.097 concejales y 401 consejeros escolares<\/strong>.<\/p>\n","protected":false},"excerpt":{"rendered":"<p>Los electores urbanos y de las localidades. Habr\u00e1 300 mesas habilitadas. Una de las mesas de extranjeros estar\u00e1 en Loma<\/p>\n","protected":false},"author":4,"featured_media":177420,"comment_status":"closed","ping_status":"closed","sticky":false,"template":"","format":"standard","meta":{"_jetpack_memberships_contains_paid_content":false,"footnotes":""},"categories":[4,1],"tags":[],"class_list":["post-177419","post","type-post","status-publish","format-standard","has-post-thumbnail","hentry","category-politica","category-portada"],"jetpack_featured_media_url":"https:\/\/i0.wp.com\/cdnoticias.com\/wp-content\/uploads\/2025\/07\/elecciones-olavarria-junta-electoral-00.jpg?fit=900%2C502&ssl=1","jetpack_sharing_enabled":true,"_links":{"self":[{"href":"https:\/\/cdnoticias.com\/index.php\/wp-json\/wp\/v2\/posts\/177419","targetHints":{"allow":["GET"]}}],"collection":[{"href":"https:\/\/cdnoticias.com\/index.php\/wp-json\/wp\/v2\/posts"}],"about":[{"href":"https:\/\/cdnoticias.com\/index.php\/wp-json\/wp\/v2\/types\/post"}],"author":[{"embeddable":true,"href":"https:\/\/cdnoticias.com\/index.php\/wp-json\/wp\/v2\/users\/4"}],"replies":[{"embeddable":true,"href":"https:\/\/cdnoticias.com\/index.php\/wp-json\/wp\/v2\/comments?post=177419"}],"version-history":[{"count":0,"href":"https:\/\/cdnoticias.com\/index.php\/wp-json\/wp\/v2\/posts\/177419\/revisions"}],"wp:featuredmedia":[{"embeddable":true,"href":"https:\/\/cdnoticias.com\/index.php\/wp-json\/wp\/v2\/media\/177420"}],"wp:attachment":[{"href":"https:\/\/cdnoticias.com\/index.php\/wp-json\/wp\/v2\/media?parent=177419"}],"wp:term":[{"taxonomy":"category","embeddable":true,"href":"https:\/\/cdnoticias.com\/index.php\/wp-json\/wp\/v2\/categories?post=177419"},{"taxonomy":"post_tag","embeddable":true,"href":"https:\/\/cdnoticias.com\/index.php\/wp-json\/wp\/v2\/tags?post=177419"}],"curies":[{"name":"wp","href":"https:\/\/api.w.org\/{rel}","templated":true}]}}