{"id":177402,"date":"2025-07-22T11:29:58","date_gmt":"2025-07-22T14:29:58","guid":{"rendered":"https:\/\/cdnoticias.com\/?p=177402"},"modified":"2025-07-22T12:25:57","modified_gmt":"2025-07-22T15:25:57","slug":"ypf-cuales-son-los-valores-de-la-nafta-y-el-gasoil-en-olavarria","status":"publish","type":"post","link":"https:\/\/cdnoticias.com\/index.php\/2025\/07\/22\/ypf-cuales-son-los-valores-de-la-nafta-y-el-gasoil-en-olavarria\/","title":{"rendered":"YPF: cu\u00e1les son los valores de la nafta y el gasoil en Olavarr\u00eda"},"content":{"rendered":"\n<p>El pasado domingo se registr\u00f3 un segundo aumento en lo que va del mes de julio. Fue de alrededor del 2,5% en promedio en todo el pa\u00eds.<\/p>\n\n\n\n<hr class=\"wp-block-separator has-alpha-channel-opacity\"\/>\n\n\n\n<p>YPF aument\u00f3 el precio de la nafta y el gasoil en toda la Argentina. La suba de combustibles se registr\u00f3 desde la madrugada del domingo y <strong>fue del 2,5% en promedio.<\/strong><\/p>\n\n\n\n<p><\/p>\n\n\n\n<p>As\u00ed, en lo que va de julio el aumento en estos productos acumula en promedio un 6%, teniendo en cuenta que a principios de mes hubo un alza de 3,5%.<\/p>\n\n\n\n<p><\/p>\n\n\n\n<blockquote class=\"wp-block-quote is-layout-flow wp-block-quote-is-layout-flow\">\n<p>De esta forma, en Olavarr\u00eda el litro de nafta s\u00faper se ubica en los $1.392; Infinia vale $1.599; gasoil Infinia sale $1.534; y gasoil com\u00fan $1.386.<\/p>\n<\/blockquote>\n\n\n\n<p><\/p>\n\n\n\n<p>La empresa indic\u00f3 que el incremento responde al \u201cseguimiento permanente que la compa\u00f1\u00eda realiza sobre las principales variables que impactan en los costos de producci\u00f3n\u201d, en especial el <strong>cambio del precio del petr\u00f3leo crudo a nivel internacional.<\/strong><\/p>\n\n\n\n<p><\/p>\n\n\n\n<p>En el \u00faltimo mes y medio se dispararon los dos principales componentes del precio de la nafta y el gasoil, que son el <strong>petr\u00f3leo y el d\u00f3lar.<\/strong><\/p>\n\n\n\n<p><\/p>\n\n\n\n<figure class=\"wp-block-embed is-type-wp-embed is-provider-central-de-noticias-olavarr-a wp-block-embed-central-de-noticias-olavarr-a\"><div class=\"wp-block-embed__wrapper\">\n<blockquote class=\"wp-embedded-content\" data-secret=\"f3VCObIpCy\"><a href=\"https:\/\/cdnoticias.com\/index.php\/2025\/07\/20\/desde-este-domingo-ypf-subio-el-precio-de-la-nafta-y-el-gasoil-en-todo-el-pais\/\">Desde este domingo, YPF subi\u00f3 el precio de la nafta y el gasoil en todo el pa\u00eds<\/a><\/blockquote><iframe loading=\"lazy\" class=\"wp-embedded-content\" sandbox=\"allow-scripts\" security=\"restricted\" style=\"position: absolute; visibility: hidden;\" title=\"&#8220;Desde este domingo, YPF subi\u00f3 el precio de la nafta y el gasoil en todo el pa\u00eds&#8221; &#8212; Central de Noticias | Olavarr\u00eda\" src=\"https:\/\/cdnoticias.com\/index.php\/2025\/07\/20\/desde-este-domingo-ypf-subio-el-precio-de-la-nafta-y-el-gasoil-en-todo-el-pais\/embed\/#?secret=VKHxrWr9gF#?secret=f3VCObIpCy\" data-secret=\"f3VCObIpCy\" width=\"600\" height=\"338\" frameborder=\"0\" marginwidth=\"0\" marginheight=\"0\" scrolling=\"no\"><\/iframe>\n<\/div><\/figure>\n\n\n\n<p><\/p>\n","protected":false},"excerpt":{"rendered":"<p>El pasado domingo se registr\u00f3 un segundo aumento en lo que va del mes de julio. Fue de alrededor del<\/p>\n","protected":false},"author":5,"featured_media":177403,"comment_status":"closed","ping_status":"closed","sticky":false,"template":"","format":"standard","meta":{"_jetpack_memberships_contains_paid_content":false,"footnotes":""},"categories":[5,1],"tags":[],"class_list":["post-177402","post","type-post","status-publish","format-standard","has-post-thumbnail","hentry","category-informacion-general","category-portada"],"jetpack_featured_media_url":"https:\/\/i0.wp.com\/cdnoticias.com\/wp-content\/uploads\/2025\/07\/aumento-nafta-ypf-julio2025.png?fit=800%2C445&ssl=1","jetpack_sharing_enabled":true,"_links":{"self":[{"href":"https:\/\/cdnoticias.com\/index.php\/wp-json\/wp\/v2\/posts\/177402","targetHints":{"allow":["GET"]}}],"collection":[{"href":"https:\/\/cdnoticias.com\/index.php\/wp-json\/wp\/v2\/posts"}],"about":[{"href":"https:\/\/cdnoticias.com\/index.php\/wp-json\/wp\/v2\/types\/post"}],"author":[{"embeddable":true,"href":"https:\/\/cdnoticias.com\/index.php\/wp-json\/wp\/v2\/users\/5"}],"replies":[{"embeddable":true,"href":"https:\/\/cdnoticias.com\/index.php\/wp-json\/wp\/v2\/comments?post=177402"}],"version-history":[{"count":0,"href":"https:\/\/cdnoticias.com\/index.php\/wp-json\/wp\/v2\/posts\/177402\/revisions"}],"wp:featuredmedia":[{"embeddable":true,"href":"https:\/\/cdnoticias.com\/index.php\/wp-json\/wp\/v2\/media\/177403"}],"wp:attachment":[{"href":"https:\/\/cdnoticias.com\/index.php\/wp-json\/wp\/v2\/media?parent=177402"}],"wp:term":[{"taxonomy":"category","embeddable":true,"href":"https:\/\/cdnoticias.com\/index.php\/wp-json\/wp\/v2\/categories?post=177402"},{"taxonomy":"post_tag","embeddable":true,"href":"https:\/\/cdnoticias.com\/index.php\/wp-json\/wp\/v2\/tags?post=177402"}],"curies":[{"name":"wp","href":"https:\/\/api.w.org\/{rel}","templated":true}]}}