{"id":177399,"date":"2025-07-22T16:16:05","date_gmt":"2025-07-22T19:16:05","guid":{"rendered":"https:\/\/cdnoticias.com\/?p=177399"},"modified":"2025-07-22T19:01:29","modified_gmt":"2025-07-22T22:01:29","slug":"nuevo-acto-de-reclamo-por-la-autovia-de-ruta-3-en-las-flores-el-3-de-agosto","status":"publish","type":"post","link":"https:\/\/cdnoticias.com\/index.php\/2025\/07\/22\/nuevo-acto-de-reclamo-por-la-autovia-de-ruta-3-en-las-flores-el-3-de-agosto\/","title":{"rendered":"Nuevo acto de reclamo por la autov\u00eda de ruta 3: en Las Flores el 3 de agosto"},"content":{"rendered":"<p>Los vecinos autoconvocados de Las Flores anunciaron que el encuentro se har\u00e1 por la tarde con convocatoria regional. \u201cNo hay un posicionamiento pol\u00edtico. Es pol\u00edtica ciudadana por el bien de todos\u201d dijo Mauricio Felice.<!--more--><\/p>\n<hr \/>\n<p><strong>Vecinos autoconvocados de Las Flores<\/strong> anunciaron que <strong>el pr\u00f3ximo 3 de agosto<\/strong> llevar\u00e1n adelante un <strong>acto para reiterar el reclamo por la construcci\u00f3n de la autov\u00eda de la ruta nacional 3<\/strong> y hacer visible el <strong>p\u00e9simo estado de la traza<\/strong>.<\/p>\n<p>En ese sentido, se emiti\u00f3 una <strong>invitaci\u00f3n a interesados de la regi\u00f3n a asistir<\/strong>. Ser\u00e1 en la <strong>rotonda de ruta 3 y Venancio Paz a las 15 horas<\/strong>, en el acceso a Las Flores.<\/p>\n<blockquote><p>\u201cLevantemos la bandera del reclamo por la autov\u00eda\u201d es la consigna con la que se convoca y se adelant\u00f3 que habr\u00e1 micr\u00f3fono abierto para quienes quieran expresarse.\u00a0Mauricio Felice, uno de los vecinos autoconvocados de Las Flores, detall\u00f3 que entre los a\u00f1os 2006 y la actualidad en el tramo comprendido entre San Miguel del Monte y Azul se registraron 495 accidentes con v\u00edctimas fatales. El registro es de 226 personas fallecidas y un total de 883 heridos. \u201cEstos n\u00fameros nos impulsan a seguir reclamando junto a los vecinos de Azul, Monte y recientemente tambi\u00e9n con vecinos de Las Flores\u201d expres\u00f3.<\/p><\/blockquote>\n<p>Aclar\u00f3 que el movimiento no tiene bandera partidaria:<strong> \u201cNo hay un posicionamiento pol\u00edtico. Es pol\u00edtica ciudadana por el bien de todos\u201d<\/strong> subray\u00f3 para remarcar que la lucha es colectiva y busca <em>respuestas concretas ante una problem\u00e1tica que atraviesa a toda la regi\u00f3n<\/em>.<\/p>\n<p>En relaci\u00f3n a la <a href=\"https:\/\/cdnoticias.com\/index.php\/2025\/06\/16\/audiencia-publica-el-proyecto-de-privatizacion-de-las-rutas-3-y-226-incluye-mas-peajes\/\" target=\"_blank\" rel=\"noopener\">audiencia p\u00fablica<\/a> realizada recientemente en San Miguel del Monte, Felice coment\u00f3 que<strong> \u201cla Autov\u00eda no se va a hacer y que el tramo se va a privatizar\u201d<\/strong>, lo que gener\u00f3 a\u00fan <strong>m\u00e1s preocupaci\u00f3n<\/strong> entre los vecinos movilizados. Se\u00f1al\u00f3 que lo previsto por <strong>la licitaci\u00f3n de concesi\u00f3n es la repavimentaci\u00f3n de la ruta en un lapso de cinco a\u00f1os<\/strong>.<\/p>\n<p>Fuente: <em>Noticias Las Flores y Urbana FM<\/em><\/p>\n","protected":false},"excerpt":{"rendered":"<p>Los vecinos autoconvocados de Las Flores anunciaron que el encuentro se har\u00e1 por la tarde con convocatoria regional. \u201cNo hay<\/p>\n","protected":false},"author":4,"featured_media":177400,"comment_status":"closed","ping_status":"closed","sticky":false,"template":"","format":"standard","meta":{"_jetpack_memberships_contains_paid_content":false,"footnotes":""},"categories":[6,1],"tags":[],"class_list":["post-177399","post","type-post","status-publish","format-standard","has-post-thumbnail","hentry","category-nacionales","category-portada"],"jetpack_featured_media_url":"https:\/\/i0.wp.com\/cdnoticias.com\/wp-content\/uploads\/2025\/07\/mauricio-felice-las-flores-ruta-3.jpg?fit=1000%2C557&ssl=1","jetpack_sharing_enabled":true,"_links":{"self":[{"href":"https:\/\/cdnoticias.com\/index.php\/wp-json\/wp\/v2\/posts\/177399","targetHints":{"allow":["GET"]}}],"collection":[{"href":"https:\/\/cdnoticias.com\/index.php\/wp-json\/wp\/v2\/posts"}],"about":[{"href":"https:\/\/cdnoticias.com\/index.php\/wp-json\/wp\/v2\/types\/post"}],"author":[{"embeddable":true,"href":"https:\/\/cdnoticias.com\/index.php\/wp-json\/wp\/v2\/users\/4"}],"replies":[{"embeddable":true,"href":"https:\/\/cdnoticias.com\/index.php\/wp-json\/wp\/v2\/comments?post=177399"}],"version-history":[{"count":0,"href":"https:\/\/cdnoticias.com\/index.php\/wp-json\/wp\/v2\/posts\/177399\/revisions"}],"wp:featuredmedia":[{"embeddable":true,"href":"https:\/\/cdnoticias.com\/index.php\/wp-json\/wp\/v2\/media\/177400"}],"wp:attachment":[{"href":"https:\/\/cdnoticias.com\/index.php\/wp-json\/wp\/v2\/media?parent=177399"}],"wp:term":[{"taxonomy":"category","embeddable":true,"href":"https:\/\/cdnoticias.com\/index.php\/wp-json\/wp\/v2\/categories?post=177399"},{"taxonomy":"post_tag","embeddable":true,"href":"https:\/\/cdnoticias.com\/index.php\/wp-json\/wp\/v2\/tags?post=177399"}],"curies":[{"name":"wp","href":"https:\/\/api.w.org\/{rel}","templated":true}]}}