{"id":177394,"date":"2025-07-22T10:46:26","date_gmt":"2025-07-22T13:46:26","guid":{"rendered":"https:\/\/cdnoticias.com\/?p=177394"},"modified":"2025-07-22T16:16:22","modified_gmt":"2025-07-22T19:16:22","slug":"vergel-olavarria-hace-tiempo-que-viene-sin-ser-proyectada","status":"publish","type":"post","link":"https:\/\/cdnoticias.com\/index.php\/2025\/07\/22\/vergel-olavarria-hace-tiempo-que-viene-sin-ser-proyectada\/","title":{"rendered":"Vergel: \u201cOlavarr\u00eda hace tiempo que viene sin ser proyectada\u201d"},"content":{"rendered":"\n<p>La primera candidata a concejal por el radicalismo habl\u00f3 de la conformaci\u00f3n de la lista local de cara a las pr\u00f3ximas elecciones. Analiz\u00f3 la actual gesti\u00f3n y fue cr\u00edtica respecto a la situaci\u00f3n del Municipio.<\/p>\n\n\n\n<hr class=\"wp-block-separator has-alpha-channel-opacity\"\/>\n\n\n\n<p>Bel\u00e9n Vergel, presidenta del comit\u00e9 de la UCR, ser\u00e1 la <strong>primera candidata a concejal de \u201cSomos Buenos Aires\u201d, <\/strong>la lista que contiene al radicalismo, el GEN, la Coalici\u00f3n C\u00edvica, entre otros estpacios. Estar\u00e1 acompa\u00f1ada de <strong>Sebasti\u00e1n Matrella y Karina Ostertag<\/strong> en tercer lugar.<\/p>\n\n\n\n<p><\/p>\n\n\n\n<p>\u201cEs una gran responsabilidad y un gran orgullo porque la lista ha sido trabajada con much\u00edsimo tiempo, <strong>cada uno de los actores que la est\u00e1n llevando adelante tiene una gran vocaci\u00f3n,<\/strong> son personas que lideran desde su lugar cada uno de los proyectos que llevan a cabo\u201d, resalt\u00f3 en di\u00e1logo con Levantate por Radio Sapiens.<\/p>\n\n\n\n<p><\/p>\n\n\n\n<figure class=\"wp-block-embed is-type-wp-embed is-provider-central-de-noticias-olavarr-a wp-block-embed-central-de-noticias-olavarr-a\"><div class=\"wp-block-embed__wrapper\">\n<blockquote class=\"wp-embedded-content\" data-secret=\"hn6yxAjpFz\"><a href=\"https:\/\/cdnoticias.com\/index.php\/2025\/07\/19\/belen-vergel-sera-la-primera-candidata-a-concejal-por-somos-buenos-aires\/\">Bel\u00e9n Vergel ser\u00e1 la primera candidata a concejal por \u201cSomos Buenos Aires\u201d<\/a><\/blockquote><iframe loading=\"lazy\" class=\"wp-embedded-content\" sandbox=\"allow-scripts\" security=\"restricted\" style=\"position: absolute; visibility: hidden;\" title=\"&#8220;Bel\u00e9n Vergel ser\u00e1 la primera candidata a concejal por \u201cSomos Buenos Aires\u201d&#8221; &#8212; Central de Noticias | Olavarr\u00eda\" src=\"https:\/\/cdnoticias.com\/index.php\/2025\/07\/19\/belen-vergel-sera-la-primera-candidata-a-concejal-por-somos-buenos-aires\/embed\/#?secret=moN4hLtUQG#?secret=hn6yxAjpFz\" data-secret=\"hn6yxAjpFz\" width=\"600\" height=\"338\" frameborder=\"0\" marginwidth=\"0\" marginheight=\"0\" scrolling=\"no\"><\/iframe>\n<\/div><\/figure>\n\n\n\n<p><\/p>\n\n\n\n<blockquote class=\"wp-block-quote is-layout-flow wp-block-quote-is-layout-flow\">\n<p>La dirigente radial asegur\u00f3 que \u201ces una etapa de gran crecimiento y creo que eso tambi\u00e9n se va a ver reflejado en estas elecciones\u201d. Ante un escenario de posible polarizaci\u00f3n, Vergel se\u00f1al\u00f3 que \u201ccreo que eso se va a romper en Olavarr\u00eda\u201d ya que \u201cel olavarriense va a elegir a ese ciudadano que conozca, que lo represente, que haga que su voz llegue al Concejo Deliberante\u201d.<\/p>\n<\/blockquote>\n\n\n\n<p><\/p>\n\n\n\n<p>Sostuvo que desde el espacio <strong>\u201chay un trabajo previo y hay una coherencia entre todo lo que se ha hecho en el \u00faltimo tiempo\u201d. <\/strong>En ese sentido, subray\u00f3 que \u201ces una gran oportunidad para el radicalismo\u201d y anticip\u00f3 que el objetivo es \u201cseguir construyendo y creciendo para el 2027\u201d.<\/p>\n\n\n\n<p><\/p>\n\n\n\n<blockquote class=\"wp-block-quote is-layout-flow wp-block-quote-is-layout-flow\">\n<p>Por otra parte, analiz\u00f3 la gesti\u00f3n local de Maximiliano Wesner y consider\u00f3 que \u201cOlavarr\u00eda hace tiempo que viene sin ser proyectada, sin tener un horizonte. Se puede pensar desde otros sectores como para poder impulsarla y generar otras fuentes de trabajo\u201d.<\/p>\n<\/blockquote>\n\n\n\n<p><\/p>\n\n\n\n<p>Adem\u00e1s, fue cr\u00edtica con el gobierno municipal y agreg\u00f3: \u201c<strong>vemos que hay una situaci\u00f3n compleja econ\u00f3micamente en el Municipio y tampoco vemos una iniciativa o una propuesta para querer subsanarlo. <\/strong>No s\u00e9 qu\u00e9 van a vender ahora para que los n\u00fameros cierren, porque el ejercicio anterior fue bastante complejo y no espero otro resultado dado c\u00f3mo se est\u00e1n dando los escenarios para lo que viene\u201d.<\/p>\n\n\n\n<p><\/p>\n\n\n\n<p>Otros aspectos que analiz\u00f3 fueron la <strong>seguridad y la salud.<\/strong> \u201cEn tema seguridad vemos tambi\u00e9n una carencia grande de proyecci\u00f3n y tambi\u00e9n poder observar lo que est\u00e1 pasando en cada uno de los barrios de la ciudad\u201d. Adem\u00e1s, agreg\u00f3 la salud en el sentido de \u201cque, si bien inauguran y caminan en el Hospital sac\u00e1ndose fotos, sabemos que est\u00e1 funcionando todo muy mal puertas adentro\u201d.<\/p>\n\n\n\n<p><\/p>\n\n\n\n<p>\u201cSer\u00e1 necesario que empiecen a ver<strong> c\u00f3mo van a terminar esta gesti\u00f3n sin dejarle al pr\u00f3ximo gobierno un municipio totalmente destruido<\/strong>\u201d, concluy\u00f3 Vergel.<\/p>\n","protected":false},"excerpt":{"rendered":"<p>La primera candidata a concejal por el radicalismo habl\u00f3 de la conformaci\u00f3n de la lista local de cara a las<\/p>\n","protected":false},"author":5,"featured_media":100292,"comment_status":"closed","ping_status":"closed","sticky":false,"template":"","format":"standard","meta":{"_jetpack_memberships_contains_paid_content":false,"footnotes":""},"categories":[4,1],"tags":[],"class_list":["post-177394","post","type-post","status-publish","format-standard","has-post-thumbnail","hentry","category-politica","category-portada"],"jetpack_featured_media_url":"https:\/\/i0.wp.com\/cdnoticias.com\/wp-content\/uploads\/2023\/10\/vergel-belen-03.jpg?fit=800%2C445&ssl=1","jetpack_sharing_enabled":true,"_links":{"self":[{"href":"https:\/\/cdnoticias.com\/index.php\/wp-json\/wp\/v2\/posts\/177394","targetHints":{"allow":["GET"]}}],"collection":[{"href":"https:\/\/cdnoticias.com\/index.php\/wp-json\/wp\/v2\/posts"}],"about":[{"href":"https:\/\/cdnoticias.com\/index.php\/wp-json\/wp\/v2\/types\/post"}],"author":[{"embeddable":true,"href":"https:\/\/cdnoticias.com\/index.php\/wp-json\/wp\/v2\/users\/5"}],"replies":[{"embeddable":true,"href":"https:\/\/cdnoticias.com\/index.php\/wp-json\/wp\/v2\/comments?post=177394"}],"version-history":[{"count":0,"href":"https:\/\/cdnoticias.com\/index.php\/wp-json\/wp\/v2\/posts\/177394\/revisions"}],"wp:featuredmedia":[{"embeddable":true,"href":"https:\/\/cdnoticias.com\/index.php\/wp-json\/wp\/v2\/media\/100292"}],"wp:attachment":[{"href":"https:\/\/cdnoticias.com\/index.php\/wp-json\/wp\/v2\/media?parent=177394"}],"wp:term":[{"taxonomy":"category","embeddable":true,"href":"https:\/\/cdnoticias.com\/index.php\/wp-json\/wp\/v2\/categories?post=177394"},{"taxonomy":"post_tag","embeddable":true,"href":"https:\/\/cdnoticias.com\/index.php\/wp-json\/wp\/v2\/tags?post=177394"}],"curies":[{"name":"wp","href":"https:\/\/api.w.org\/{rel}","templated":true}]}}