{"id":177385,"date":"2025-07-22T08:58:11","date_gmt":"2025-07-22T11:58:11","guid":{"rendered":"https:\/\/cdnoticias.com\/?p=177385"},"modified":"2025-07-22T08:58:13","modified_gmt":"2025-07-22T11:58:13","slug":"aprehendida-por-agredir-a-los-policias-que-secuestraron-la-moto-en-la-que-transitaba","status":"publish","type":"post","link":"https:\/\/cdnoticias.com\/index.php\/2025\/07\/22\/aprehendida-por-agredir-a-los-policias-que-secuestraron-la-moto-en-la-que-transitaba\/","title":{"rendered":"Aprehendida por agredir a los polic\u00edas que secuestraron la moto en la que transitaba"},"content":{"rendered":"<p>Fue este lunes en Trabajadores e Independencia. La moto ten\u00eda pedido de secuestro desde el mes pasado y el n\u00famero de motor suprimido.<!--more--><\/p>\n<hr \/>\n<p><strong>Una mujer de 30 a\u00f1os fue aprehendida<\/strong> este lunes en inmediaciones de avenida <strong>Trabajadores e Independencia<\/strong>, luego de que fuera interceptada cuando circulaba a bordo de <strong>una motocicleta con pedido de secuestro activo<\/strong>.<\/p>\n<p>Seg\u00fan se inform\u00f3, la aprehensi\u00f3n se dio en el marco de<strong> un operativo de interceptaci\u00f3n vehicular<\/strong>, llevado a cabo por personal que cumpl\u00eda funciones de Polic\u00eda adicional en m\u00f3viles de la<strong> Subsecretar\u00eda de Protecci\u00f3n Ciudadana<\/strong>.<\/p>\n<p><img data-recalc-dims=\"1\" loading=\"lazy\" decoding=\"async\" class=\"alignnone size-full wp-image-177387 aligncenter\" src=\"https:\/\/i0.wp.com\/cdnoticias.com\/wp-content\/uploads\/2025\/07\/trabajadores-e-independencia-01.jpg?resize=720%2C501&#038;ssl=1\" alt=\"\" width=\"720\" height=\"501\" srcset=\"https:\/\/i0.wp.com\/cdnoticias.com\/wp-content\/uploads\/2025\/07\/trabajadores-e-independencia-01.jpg?w=720&amp;ssl=1 720w, https:\/\/i0.wp.com\/cdnoticias.com\/wp-content\/uploads\/2025\/07\/trabajadores-e-independencia-01.jpg?resize=300%2C209&amp;ssl=1 300w, https:\/\/i0.wp.com\/cdnoticias.com\/wp-content\/uploads\/2025\/07\/trabajadores-e-independencia-01.jpg?resize=392%2C272&amp;ssl=1 392w, https:\/\/i0.wp.com\/cdnoticias.com\/wp-content\/uploads\/2025\/07\/trabajadores-e-independencia-01.jpg?resize=130%2C90&amp;ssl=1 130w, https:\/\/i0.wp.com\/cdnoticias.com\/wp-content\/uploads\/2025\/07\/trabajadores-e-independencia-01.jpg?resize=600%2C417&amp;ssl=1 600w\" sizes=\"auto, (max-width: 720px) 100vw, 720px\" \/><\/p>\n<p>Durante la intervenci\u00f3n, se detect\u00f3 que la <strong>motocicleta marca Zanella modelo ZB 110 cc<\/strong> que conduc\u00eda la mujer ten\u00eda un <strong>pedido de secuestro activo desde el 22 de junio de 2025<\/strong>. Adem\u00e1s, se constat\u00f3 que el rodado presentaba irregularidades: <strong>pose\u00eda el n\u00famero de motor suprimido.<\/strong><\/p>\n<blockquote><p>En el momento en que el personal policial notific\u00f3 a la conductora de la situaci\u00f3n, reaccion\u00f3 de manera violenta. Amenaz\u00f3 a los efectivos y opuso resistencia a las actuaciones. Finalmente, fue reducida y trasladada a la Comisar\u00eda Primera, al igual que la motocicleta, que fue secuestrada.<\/p><\/blockquote>\n<p>La causa fue caratulada como<strong> \u201cInfracci\u00f3n al art\u00edculo 289 del C\u00f3digo Penal\u201d, \u201cPedido de Secuestro Activo\u201d y \u201cAmenazas agravadas por ser cometidas hacia un funcionario p\u00fablico y resistencia a la autoridad\u201d<\/strong>, con intervenci\u00f3n de la UFI N.\u00ba 4 a cargo de la Dra. Paula Serrano.<\/p>\n","protected":false},"excerpt":{"rendered":"<p>Fue este lunes en Trabajadores e Independencia. La moto ten\u00eda pedido de secuestro desde el mes pasado y el n\u00famero<\/p>\n","protected":false},"author":4,"featured_media":177386,"comment_status":"closed","ping_status":"closed","sticky":false,"template":"","format":"standard","meta":{"_jetpack_memberships_contains_paid_content":false,"footnotes":""},"categories":[14,1],"tags":[],"class_list":["post-177385","post","type-post","status-publish","format-standard","has-post-thumbnail","hentry","category-policiales","category-portada"],"jetpack_featured_media_url":"https:\/\/i0.wp.com\/cdnoticias.com\/wp-content\/uploads\/2025\/07\/trabajadores-e-independencia-00.jpg?fit=800%2C445&ssl=1","jetpack_sharing_enabled":true,"_links":{"self":[{"href":"https:\/\/cdnoticias.com\/index.php\/wp-json\/wp\/v2\/posts\/177385","targetHints":{"allow":["GET"]}}],"collection":[{"href":"https:\/\/cdnoticias.com\/index.php\/wp-json\/wp\/v2\/posts"}],"about":[{"href":"https:\/\/cdnoticias.com\/index.php\/wp-json\/wp\/v2\/types\/post"}],"author":[{"embeddable":true,"href":"https:\/\/cdnoticias.com\/index.php\/wp-json\/wp\/v2\/users\/4"}],"replies":[{"embeddable":true,"href":"https:\/\/cdnoticias.com\/index.php\/wp-json\/wp\/v2\/comments?post=177385"}],"version-history":[{"count":0,"href":"https:\/\/cdnoticias.com\/index.php\/wp-json\/wp\/v2\/posts\/177385\/revisions"}],"wp:featuredmedia":[{"embeddable":true,"href":"https:\/\/cdnoticias.com\/index.php\/wp-json\/wp\/v2\/media\/177386"}],"wp:attachment":[{"href":"https:\/\/cdnoticias.com\/index.php\/wp-json\/wp\/v2\/media?parent=177385"}],"wp:term":[{"taxonomy":"category","embeddable":true,"href":"https:\/\/cdnoticias.com\/index.php\/wp-json\/wp\/v2\/categories?post=177385"},{"taxonomy":"post_tag","embeddable":true,"href":"https:\/\/cdnoticias.com\/index.php\/wp-json\/wp\/v2\/tags?post=177385"}],"curies":[{"name":"wp","href":"https:\/\/api.w.org\/{rel}","templated":true}]}}