{"id":177379,"date":"2025-07-21T19:58:27","date_gmt":"2025-07-21T22:58:27","guid":{"rendered":"https:\/\/cdnoticias.com\/?p=177379"},"modified":"2025-07-22T08:46:44","modified_gmt":"2025-07-22T11:46:44","slug":"una-agrupacion-busca-acceder-a-un-techo-digno-en-olavarria","status":"publish","type":"post","link":"https:\/\/cdnoticias.com\/index.php\/2025\/07\/21\/una-agrupacion-busca-acceder-a-un-techo-digno-en-olavarria\/","title":{"rendered":"Una agrupaci\u00f3n busca \u201cacceder a un techo digno\u201d en Olavarr\u00eda"},"content":{"rendered":"\n<p>Se trata de la agrupaci\u00f3n \u201cSin techo no hay patria\u201d. Se\u00f1al\u00f3 que cuentan con estatutos y planos t\u00e9cnicos de viviendas, buscando \u201cser reconocidos como asociaci\u00f3n barrial formal\u201d. Son m\u00e1s de 70 familias.<\/p>\n\n\n\n<hr class=\"wp-block-separator aligncenter has-alpha-channel-opacity\"\/>\n\n\n\n<p>M\u00e1s d<strong>e 70 familias formaron en Olavarr\u00eda el movimiento vecinal \u201cSin techo no hay patria\u201d en b\u00fasqueda de tener respuestas a la \u201cnecesidad urgente y leg\u00edtima de acceder a un techo digno\u201d.<\/strong><\/p>\n\n\n\n<p>En voz del presidente de la agrupaci\u00f3n, <strong>Cristian Emmanuel Quintana, se aclar\u00f3 que <em>\u201cno somos una toma\u201d<\/em> ni <em>\u201cestamos usurpando\u201d.<\/em><\/strong><\/p>\n\n\n\n<blockquote class=\"wp-block-quote is-layout-flow wp-block-quote-is-layout-flow\">\n<p>\u201cSomos m\u00e1s de 70 familias organizadas, con propuestas firmes y concretas, que queremos construir una salida real: con trabajo, con aportes, con compromiso\u201d.<\/p>\n<\/blockquote>\n\n\n\n<p>En este sentido, se manifestaron a favor de querer<em><strong> \u201cpagar nuestra tierra con un trato justo, edificar nuestros hogares\u201d<\/strong><\/em> y acusaron al Municipio de \u201cinvisibilizarlos\u201d.<\/p>\n\n\n\n<p>Como \u201cpasos s\u00f3lidos\u201d destacaron que <em>\u201ccontamos con estatuto, bandera, logo y planos t\u00e9cnicos de vivienda; estamos en proceso de ser reconocidos como asociaci\u00f3n barrial formal; estamos conformando una cooperativa de trabajo para generar empleo genuino y autogestivo; tenemos una estructura interna con referentes, roles definidos y comunicaci\u00f3n constante; contamos con asesor\u00eda legal, que tambi\u00e9n forma parte activa del movimiento\u201d.<\/em><\/p>\n\n\n\n<p>En este sentido, insistieron en que no buscan conflicto ni caridad:<em><strong> \u201cbuscamos dignidad, reconocimiento y un futuro posible\u201d<\/strong><\/em> cerraron en un comunicado emitido en la tarde de este lunes.<\/p>\n","protected":false},"excerpt":{"rendered":"<p>Se trata de la agrupaci\u00f3n \u201cSin techo no hay patria\u201d. Se\u00f1al\u00f3 que cuentan con estatutos y planos t\u00e9cnicos de viviendas,<\/p>\n","protected":false},"author":2,"featured_media":177380,"comment_status":"closed","ping_status":"closed","sticky":false,"template":"","format":"standard","meta":{"_jetpack_memberships_contains_paid_content":false,"footnotes":""},"categories":[5,1],"tags":[],"class_list":["post-177379","post","type-post","status-publish","format-standard","has-post-thumbnail","hentry","category-informacion-general","category-portada"],"jetpack_featured_media_url":"https:\/\/i0.wp.com\/cdnoticias.com\/wp-content\/uploads\/2025\/07\/Imagen-de-WhatsApp-2025-07-21-a-las-17.01.05_223d3996-e1753138697266.jpg?fit=1600%2C800&ssl=1","jetpack_sharing_enabled":true,"_links":{"self":[{"href":"https:\/\/cdnoticias.com\/index.php\/wp-json\/wp\/v2\/posts\/177379","targetHints":{"allow":["GET"]}}],"collection":[{"href":"https:\/\/cdnoticias.com\/index.php\/wp-json\/wp\/v2\/posts"}],"about":[{"href":"https:\/\/cdnoticias.com\/index.php\/wp-json\/wp\/v2\/types\/post"}],"author":[{"embeddable":true,"href":"https:\/\/cdnoticias.com\/index.php\/wp-json\/wp\/v2\/users\/2"}],"replies":[{"embeddable":true,"href":"https:\/\/cdnoticias.com\/index.php\/wp-json\/wp\/v2\/comments?post=177379"}],"version-history":[{"count":0,"href":"https:\/\/cdnoticias.com\/index.php\/wp-json\/wp\/v2\/posts\/177379\/revisions"}],"wp:featuredmedia":[{"embeddable":true,"href":"https:\/\/cdnoticias.com\/index.php\/wp-json\/wp\/v2\/media\/177380"}],"wp:attachment":[{"href":"https:\/\/cdnoticias.com\/index.php\/wp-json\/wp\/v2\/media?parent=177379"}],"wp:term":[{"taxonomy":"category","embeddable":true,"href":"https:\/\/cdnoticias.com\/index.php\/wp-json\/wp\/v2\/categories?post=177379"},{"taxonomy":"post_tag","embeddable":true,"href":"https:\/\/cdnoticias.com\/index.php\/wp-json\/wp\/v2\/tags?post=177379"}],"curies":[{"name":"wp","href":"https:\/\/api.w.org\/{rel}","templated":true}]}}