{"id":177353,"date":"2025-07-22T10:21:10","date_gmt":"2025-07-22T13:21:10","guid":{"rendered":"https:\/\/cdnoticias.com\/?p=177353"},"modified":"2025-07-22T10:21:12","modified_gmt":"2025-07-22T13:21:12","slug":"el-bus-turistico-gastronomico-llega-a-colonia-nievas-y-colonia-hinojo","status":"publish","type":"post","link":"https:\/\/cdnoticias.com\/index.php\/2025\/07\/22\/el-bus-turistico-gastronomico-llega-a-colonia-nievas-y-colonia-hinojo\/","title":{"rendered":"El Bus Tur\u00edstico Gastron\u00f3mico llega a Colonia Nievas y Colonia Hinojo"},"content":{"rendered":"\n<p>Ser\u00e1 este s\u00e1bado 26 de julio, a las 13 horas, desde el Paseo Jes\u00fas Mend\u00eda.&nbsp;<\/p>\n\n\n\n<hr class=\"wp-block-separator aligncenter has-alpha-channel-opacity\"\/>\n\n\n\n<p>En el marco de las <strong>propuestas del programa<\/strong> \u201cOlavarr\u00eda en Vacaciones\u201d el <strong>Bus Tur\u00edstico Gastron\u00f3mico<\/strong> pasar\u00e1 por <strong>Colonia Nievas y Colonia Hinojo.<\/strong><\/p>\n\n\n\n<p><\/p>\n\n\n\n<p>En esta oportunidad<strong> la salida se realizar\u00e1 este s\u00e1bado 26 de julio, a las 13 horas, desde el Paseo Jes\u00fas Mend\u00eda<\/strong>. Con el objetivo de promover el turismo local, el desarrollo de emprendimientos regionales y el conocimiento de nuestros sitios hist\u00f3ricos, se presenta una propuesta que combina la<strong> visita de atractivos y circuitos tur\u00edsticos <\/strong>con <strong>visitas a emprendimientos o productores regionales.<\/strong><\/p>\n\n\n\n<p><\/p>\n\n\n\n<blockquote class=\"wp-block-quote is-layout-flow wp-block-quote-is-layout-flow\">\n<p>Esta iniciativa busca enriquecer la experiencia tur\u00edstica al tiempo que fomenta el conocimiento y apoyo a los emprendedores locales, promoviendo as\u00ed la econom\u00eda regional y el esp\u00edritu emprendedor en la comunidad. <\/p>\n<\/blockquote>\n\n\n\n<p><\/p>\n\n\n\n<p>En el marco del recorrido se visitar\u00e1 \u201c<strong>La Pulper\u00eda de Colonia Nievas<\/strong>\u201d, donde se mostrar\u00e1 el proceso de cocina en horno de barro y se probar\u00e1 la gastronom\u00eda rural en el horario del almuerzo. Luego, se contar\u00e1 con tiempo para recorrer la Colonia y conocer en detalle<strong> la Iglesia San Miguel Arc\u00e1ngel.<\/strong><\/p>\n\n\n\n<p><\/p>\n\n\n\n<p>En el retorno a la ciudad Olavarr\u00eda, se visitar\u00e1n sitios de inter\u00e9s tur\u00edstico cultural de Colonia Hinojo visitando y el emprendimiento gastron\u00f3mico<strong> \u201cLo de Graciela<\/strong>\u201d. Se estima regresar nuevamente al Paseo Padre Jes\u00fas Mend\u00eda alrededor de las 17:00 horas.<\/p>\n\n\n\n<p><\/p>\n\n\n\n<p>Se recuerda que es una actividad con<strong> cupo limitado<\/strong>. Aquellas personas interesadas en participar del bus tur\u00edstico pueden anotarse en el <a href=\"https:\/\/docs.google.com\/forms\/d\/e\/1FAIpQLSeLdW4KqH9kKETBigmpuf-xlF0oanbu3xySOfgUyqpjm5NfNQ\/viewform\" target=\"_blank\" rel=\"noreferrer noopener\">siguiente link<\/a>.<\/p>\n\n\n\n<p><\/p>\n","protected":false},"excerpt":{"rendered":"<p>Ser\u00e1 este s\u00e1bado 26 de julio, a las 13 horas, desde el Paseo Jes\u00fas Mend\u00eda.&nbsp; En el marco de las<\/p>\n","protected":false},"author":6,"featured_media":177357,"comment_status":"closed","ping_status":"closed","sticky":false,"template":"","format":"standard","meta":{"_jetpack_memberships_contains_paid_content":false,"footnotes":""},"categories":[9,1],"tags":[],"class_list":["post-177353","post","type-post","status-publish","format-standard","has-post-thumbnail","hentry","category-cultura","category-portada"],"jetpack_featured_media_url":"https:\/\/i0.wp.com\/cdnoticias.com\/wp-content\/uploads\/2025\/07\/colonia-nievas.jpg?fit=900%2C541&ssl=1","jetpack_sharing_enabled":true,"_links":{"self":[{"href":"https:\/\/cdnoticias.com\/index.php\/wp-json\/wp\/v2\/posts\/177353","targetHints":{"allow":["GET"]}}],"collection":[{"href":"https:\/\/cdnoticias.com\/index.php\/wp-json\/wp\/v2\/posts"}],"about":[{"href":"https:\/\/cdnoticias.com\/index.php\/wp-json\/wp\/v2\/types\/post"}],"author":[{"embeddable":true,"href":"https:\/\/cdnoticias.com\/index.php\/wp-json\/wp\/v2\/users\/6"}],"replies":[{"embeddable":true,"href":"https:\/\/cdnoticias.com\/index.php\/wp-json\/wp\/v2\/comments?post=177353"}],"version-history":[{"count":0,"href":"https:\/\/cdnoticias.com\/index.php\/wp-json\/wp\/v2\/posts\/177353\/revisions"}],"wp:featuredmedia":[{"embeddable":true,"href":"https:\/\/cdnoticias.com\/index.php\/wp-json\/wp\/v2\/media\/177357"}],"wp:attachment":[{"href":"https:\/\/cdnoticias.com\/index.php\/wp-json\/wp\/v2\/media?parent=177353"}],"wp:term":[{"taxonomy":"category","embeddable":true,"href":"https:\/\/cdnoticias.com\/index.php\/wp-json\/wp\/v2\/categories?post=177353"},{"taxonomy":"post_tag","embeddable":true,"href":"https:\/\/cdnoticias.com\/index.php\/wp-json\/wp\/v2\/tags?post=177353"}],"curies":[{"name":"wp","href":"https:\/\/api.w.org\/{rel}","templated":true}]}}