{"id":177351,"date":"2025-07-22T16:30:19","date_gmt":"2025-07-22T19:30:19","guid":{"rendered":"https:\/\/cdnoticias.com\/?p=177351"},"modified":"2025-07-22T16:30:21","modified_gmt":"2025-07-22T19:30:21","slug":"nueva-edicion-de-andando-olavarria-en-sierra-chica-y-colonia-hinojo","status":"publish","type":"post","link":"https:\/\/cdnoticias.com\/index.php\/2025\/07\/22\/nueva-edicion-de-andando-olavarria-en-sierra-chica-y-colonia-hinojo\/","title":{"rendered":"Nueva edici\u00f3n de \u201cAndando Olavarr\u00eda\u201d en Sierra Chica y Colonia Hinojo"},"content":{"rendered":"\n<p>La propuesta se llevar\u00e1 a cabo este s\u00e1bado 26 de julio, a partir de las 14 horas, con punto de partida desde el Centro Deportivo y Recreativo \u201cDiego Armando Maradona\u201d.&nbsp;<\/p>\n\n\n\n<hr class=\"wp-block-separator aligncenter has-alpha-channel-opacity\"\/>\n\n\n\n<p>Llega una <strong>nueva edici\u00f3n del programa de cicloturismo \u201cAndando Olavarr\u00eda\u201d<\/strong>, en el marco de las propuestas de <strong>\u201cOlavarr\u00eda en vacaciones\u201d.<\/strong><\/p>\n\n\n\n<p><\/p>\n\n\n\n<blockquote class=\"wp-block-quote is-layout-flow wp-block-quote-is-layout-flow\">\n<p>La propuesta se llevar\u00e1 a cabo este s\u00e1bado 26 de julio, a partir de las 14 horas, con punto de partida desde el Centro Deportivo y Recreativo \u201cDiego Armando Maradona\u201d.\u00a0<\/p>\n<\/blockquote>\n\n\n\n<p><\/p>\n\n\n\n<p>El recorrido tendr\u00e1 una<strong> distancia aproximada de 30 kil\u00f3metros<\/strong> y <strong>visitar\u00e1 las localidades de Sierra Chica y Colonia Hinojo.<\/strong> \u201cAndando Olavarr\u00eda\u201d incluye salidas grupales y gratuitas en bicicleta, organizadas desde la Direcci\u00f3n de Deporte Social, con el objetivo de promover la incorporaci\u00f3n de <strong>h\u00e1bitos saludables en toda la comunidad <\/strong>y, a la par, poner en <strong>valor y disfrutar de los paisajes <\/strong>y propuestas con las que cuenta nuestro Partido.<\/p>\n\n\n\n<p><\/p>\n\n\n\n<p>La invitaci\u00f3n es <strong>libre y gratuita.<\/strong> Aquellas personas interesadas en participar deber\u00e1n inscribirse previamente <strong>completando el formulario online<\/strong> al cual se accede haciendo<a href=\"https:\/\/docs.google.com\/forms\/d\/e\/1FAIpQLSeydQCT_AuJoDK4xHa47DpTeozV70pWrVSGrKWpWtmdIkcSBQ\/viewform\" target=\"_blank\" rel=\"noreferrer noopener\"> clic aqu\u00ed.<\/a><\/p>\n\n\n\n<p><\/p>\n\n\n\n<p>De la propuesta podr\u00e1n participar personas menores de 18 a\u00f1os, quienes deber\u00e1n concurrir al d\u00eda de la actividad acompa\u00f1adas por una persona mayor, la cual deber\u00e1 ser anotada tambi\u00e9n al momento de realizar la inscripci\u00f3n.<\/p>\n\n\n\n<p><\/p>\n\n\n\n<p><strong>Elementos obligatorios<\/strong><\/p>\n\n\n\n<ul class=\"wp-block-list\">\n<li>Bicicleta en condiciones.<\/li>\n<\/ul>\n\n\n\n<ul class=\"wp-block-list\">\n<li>Elementos m\u00ednimos de reparaci\u00f3n.<\/li>\n<\/ul>\n\n\n\n<ul class=\"wp-block-list\">\n<li>Agua o hidrataci\u00f3n.<\/li>\n<\/ul>\n\n\n\n<ul class=\"wp-block-list\">\n<li>Protector Solar.<\/li>\n<\/ul>\n\n\n\n<ul class=\"wp-block-list\">\n<li>Ropa c\u00f3moda.<\/li>\n<\/ul>\n","protected":false},"excerpt":{"rendered":"<p>La propuesta se llevar\u00e1 a cabo este s\u00e1bado 26 de julio, a partir de las 14 horas, con punto de<\/p>\n","protected":false},"author":6,"featured_media":167124,"comment_status":"closed","ping_status":"closed","sticky":false,"template":"","format":"standard","meta":{"_jetpack_memberships_contains_paid_content":false,"footnotes":""},"categories":[5,1],"tags":[],"class_list":["post-177351","post","type-post","status-publish","format-standard","has-post-thumbnail","hentry","category-informacion-general","category-portada"],"jetpack_featured_media_url":"https:\/\/i0.wp.com\/cdnoticias.com\/wp-content\/uploads\/2025\/03\/andando-olavarria-salidas-bicicleta.jpg?fit=900%2C599&ssl=1","jetpack_sharing_enabled":true,"_links":{"self":[{"href":"https:\/\/cdnoticias.com\/index.php\/wp-json\/wp\/v2\/posts\/177351","targetHints":{"allow":["GET"]}}],"collection":[{"href":"https:\/\/cdnoticias.com\/index.php\/wp-json\/wp\/v2\/posts"}],"about":[{"href":"https:\/\/cdnoticias.com\/index.php\/wp-json\/wp\/v2\/types\/post"}],"author":[{"embeddable":true,"href":"https:\/\/cdnoticias.com\/index.php\/wp-json\/wp\/v2\/users\/6"}],"replies":[{"embeddable":true,"href":"https:\/\/cdnoticias.com\/index.php\/wp-json\/wp\/v2\/comments?post=177351"}],"version-history":[{"count":0,"href":"https:\/\/cdnoticias.com\/index.php\/wp-json\/wp\/v2\/posts\/177351\/revisions"}],"wp:featuredmedia":[{"embeddable":true,"href":"https:\/\/cdnoticias.com\/index.php\/wp-json\/wp\/v2\/media\/167124"}],"wp:attachment":[{"href":"https:\/\/cdnoticias.com\/index.php\/wp-json\/wp\/v2\/media?parent=177351"}],"wp:term":[{"taxonomy":"category","embeddable":true,"href":"https:\/\/cdnoticias.com\/index.php\/wp-json\/wp\/v2\/categories?post=177351"},{"taxonomy":"post_tag","embeddable":true,"href":"https:\/\/cdnoticias.com\/index.php\/wp-json\/wp\/v2\/tags?post=177351"}],"curies":[{"name":"wp","href":"https:\/\/api.w.org\/{rel}","templated":true}]}}