{"id":177348,"date":"2025-07-22T08:41:57","date_gmt":"2025-07-22T11:41:57","guid":{"rendered":"https:\/\/cdnoticias.com\/?p=177348"},"modified":"2025-07-22T10:46:47","modified_gmt":"2025-07-22T13:46:47","slug":"malena-pianciola-vacacionar-tambien-es-un-derecho","status":"publish","type":"post","link":"https:\/\/cdnoticias.com\/index.php\/2025\/07\/22\/malena-pianciola-vacacionar-tambien-es-un-derecho\/","title":{"rendered":"Malena Pianciola: &#8220;Vacacionar tambi\u00e9n es un derecho&#8221;"},"content":{"rendered":"\n<p>Durante las vacaciones de invierno se impulsaron propuestas recreativas, culturales y deportivas destinadas a quienes participan de los dispositivos de la Direcci\u00f3n de Ni\u00f1eces y Adolescencias. Las actividades est\u00e1n orientadas a fortalecer v\u00ednculos, promover el bienestar y garantizar espacios de expresi\u00f3n y participaci\u00f3n en cada grupo, desde una mirada integral e inclusiva.<\/p>\n\n\n\n<hr class=\"wp-block-separator aligncenter has-alpha-channel-opacity\"\/>\n\n\n\n<p>Durante el receso invernal, desde el Municipio de Olavarr\u00eda se <strong>impulsaron propuestas <\/strong>recreativas, culturales y deportivas<strong> destinadas a quienes participan de los dispositivos de la Direcci\u00f3n de Ni\u00f1eces y Adolescencias.<\/strong><\/p>\n\n\n\n<p><\/p>\n\n\n\n<blockquote class=\"wp-block-quote is-layout-flow wp-block-quote-is-layout-flow\">\n<p>Con el eje puesto en el disfrute como derecho, los equipos municipales planificaron una agenda pensada para que ni\u00f1os, ni\u00f1as y adolescentes vivan unas vacaciones llenas de juegos, salidas, movimiento y momentos compartidos.<\/p>\n<\/blockquote>\n\n\n\n<p><\/p>\n\n\n\n<p>Las actividades est\u00e1n orientadas a <strong>fortalecer v\u00ednculos, promover el bienestar y garantizar espacios de expresi\u00f3n y participaci\u00f3n en cada grupo<\/strong>, desde una <strong>mirada integral e inclusiva.<\/strong><\/p>\n\n\n\n<p><\/p>\n\n\n\n<p>Durante las dos semanas del receso se realizar\u00e1n:<\/p>\n\n\n\n<ul class=\"wp-block-list\">\n<li>Encuentros deportivos y caminatas para disfrutar el aire libre, el juego en equipo y el movimiento.<\/li>\n<\/ul>\n\n\n\n<ul class=\"wp-block-list\">\n<li>Kermesses y festivales recreativos que invitan al disfrute, la m\u00fasica, la danza y el juego compartido.<\/li>\n<\/ul>\n\n\n\n<ul class=\"wp-block-list\">\n<li>Jornadas de pesca y trekking, en contacto con la naturaleza y el entorno rural.<\/li>\n<\/ul>\n\n\n\n<ul class=\"wp-block-list\">\n<li>Salidas educativas y culturales, como visitas a museos, espacios culturales y al Bioparque La M\u00e1xima.<\/li>\n<\/ul>\n\n\n\n<p><\/p>\n\n\n\n<p>Desde la Subsecretar\u00eda de Protecci\u00f3n Integral de Derechos, <strong>Malena Pianciola<\/strong> destac\u00f3 el compromiso del equipo municipal para garantizar actividades accesibles, variadas y significativas para las infancias y juventudes. <\/p>\n\n\n\n<p><\/p>\n\n\n\n<blockquote class=\"wp-block-quote is-layout-flow wp-block-quote-is-layout-flow\">\n<p>\u201cVacacionar tambi\u00e9n es un derecho. Por eso, cada propuesta est\u00e1 pensada para que puedan compartir, disfrutar y vivir experiencias enriquecedoras marcadas por la alegr\u00eda, el encuentro y el juego, pilares fundamentales del desarrollo integral de ni\u00f1eces y adolescencias\u201d expres\u00f3 Pianciola. <\/p>\n<\/blockquote>\n\n\n\n<p><\/p>\n\n\n\n<p>Estas acciones alcanzan a los distintos dispositivos de la Direcci\u00f3n: Centros de D\u00eda, Programa Envi\u00f3n, Hogares Convivenciales y Programa Callejeada. Todas las propuestas son acompa\u00f1adas por los equipos t\u00e9cnicos y de coordinaci\u00f3n, quienes garantizan el cuidado, la participaci\u00f3n y el disfrute de cada actividad.<\/p>\n\n\n\n<p><\/p>\n","protected":false},"excerpt":{"rendered":"<p>Durante las vacaciones de invierno se impulsaron propuestas recreativas, culturales y deportivas destinadas a quienes participan de los dispositivos de<\/p>\n","protected":false},"author":6,"featured_media":177349,"comment_status":"closed","ping_status":"closed","sticky":false,"template":"","format":"standard","meta":{"_jetpack_memberships_contains_paid_content":false,"footnotes":""},"categories":[5,1],"tags":[],"class_list":["post-177348","post","type-post","status-publish","format-standard","has-post-thumbnail","hentry","category-informacion-general","category-portada"],"jetpack_featured_media_url":"https:\/\/i0.wp.com\/cdnoticias.com\/wp-content\/uploads\/2025\/07\/envion-municipio-vacaciones-invierno.jpg?fit=900%2C506&ssl=1","jetpack_sharing_enabled":true,"_links":{"self":[{"href":"https:\/\/cdnoticias.com\/index.php\/wp-json\/wp\/v2\/posts\/177348","targetHints":{"allow":["GET"]}}],"collection":[{"href":"https:\/\/cdnoticias.com\/index.php\/wp-json\/wp\/v2\/posts"}],"about":[{"href":"https:\/\/cdnoticias.com\/index.php\/wp-json\/wp\/v2\/types\/post"}],"author":[{"embeddable":true,"href":"https:\/\/cdnoticias.com\/index.php\/wp-json\/wp\/v2\/users\/6"}],"replies":[{"embeddable":true,"href":"https:\/\/cdnoticias.com\/index.php\/wp-json\/wp\/v2\/comments?post=177348"}],"version-history":[{"count":0,"href":"https:\/\/cdnoticias.com\/index.php\/wp-json\/wp\/v2\/posts\/177348\/revisions"}],"wp:featuredmedia":[{"embeddable":true,"href":"https:\/\/cdnoticias.com\/index.php\/wp-json\/wp\/v2\/media\/177349"}],"wp:attachment":[{"href":"https:\/\/cdnoticias.com\/index.php\/wp-json\/wp\/v2\/media?parent=177348"}],"wp:term":[{"taxonomy":"category","embeddable":true,"href":"https:\/\/cdnoticias.com\/index.php\/wp-json\/wp\/v2\/categories?post=177348"},{"taxonomy":"post_tag","embeddable":true,"href":"https:\/\/cdnoticias.com\/index.php\/wp-json\/wp\/v2\/tags?post=177348"}],"curies":[{"name":"wp","href":"https:\/\/api.w.org\/{rel}","templated":true}]}}