{"id":177340,"date":"2025-07-21T17:00:12","date_gmt":"2025-07-21T20:00:12","guid":{"rendered":"https:\/\/cdnoticias.com\/?p=177340"},"modified":"2025-07-21T20:00:31","modified_gmt":"2025-07-21T23:00:31","slug":"continuan-las-tareas-de-reparacion-del-suministro-de-agua-en-el-barrio-juan-martin-de-pueyrredon","status":"publish","type":"post","link":"https:\/\/cdnoticias.com\/index.php\/2025\/07\/21\/continuan-las-tareas-de-reparacion-del-suministro-de-agua-en-el-barrio-juan-martin-de-pueyrredon\/","title":{"rendered":"Contin\u00faan las tareas de reparaci\u00f3n del suministro de agua en el barrio Juan Mart\u00edn de Pueyrred\u00f3n"},"content":{"rendered":"\n<p>Este martes 22 de julio a partir de las 8:00 horas el personal de Obras Sanitarias deber\u00e1 interrumpir nuevamente el suministro de agua.\u00a0<\/p>\n\n\n\n<hr class=\"wp-block-separator aligncenter has-alpha-channel-opacity\"\/>\n\n\n\n<p>Este <strong>lunes por la ma\u00f1ana<\/strong> Coopelectric inform\u00f3 que <a href=\"https:\/\/cdnoticias.com\/index.php\/2025\/07\/21\/corte-de-agua-en-un-sector-del-barrio-juan-martin-de-pueyrredon\/\" target=\"_blank\" rel=\"noreferrer noopener\">para poder reparar una p\u00e9rdida de agua en la intersecci\u00f3n de las calles Cortes y Tacuar\u00ed,<\/a> el personal de Obras Sanitarias<strong> debi\u00f3 interrumpir el suministro.<\/strong><\/p>\n\n\n\n<p><\/p>\n\n\n\n<p>Asimismo, por la tarde se inform\u00f3 que <strong>\u201cse ha restituido el suministro de agua, por lo que los niveles de presi\u00f3n se normalizar\u00e1n de forma paulatina\u201d<\/strong>.\u00a0<\/p>\n\n\n\n<p><\/p>\n\n\n\n<blockquote class=\"wp-block-quote is-layout-flow wp-block-quote-is-layout-flow\">\n<p>No obstante, \u201clas tareas de reparaci\u00f3n de dicha p\u00e9rdida continuar\u00e1n durante la jornada de ma\u00f1ana\u201d se\u00f1alaron. Por tal motivo, este martes 22 de julio a partir de las 8:00 horas el personal de Obras Sanitarias deber\u00e1 interrumpir el suministro de agua en el sector comprendido por las calles Independencia, Giovanelli, Jun\u00edn y avenida Pueyrred\u00f3n.<\/p>\n<\/blockquote>\n\n\n\n<p><\/p>\n\n\n\n<p><strong><em>\u201cSolicitamos a los usuarios de la zona mencionada que tomen los recaudos necesarios para administrar su consumo, de forma tal que puedan abastecerse con la reserva de su tanque domiciliario\u201d<\/em><\/strong> cerraron desde Coopelectric.\u00a0<\/p>\n\n\n\n<p><\/p>\n","protected":false},"excerpt":{"rendered":"<p>Este martes 22 de julio a partir de las 8:00 horas el personal de Obras Sanitarias deber\u00e1 interrumpir nuevamente el<\/p>\n","protected":false},"author":6,"featured_media":83307,"comment_status":"closed","ping_status":"closed","sticky":false,"template":"","format":"standard","meta":{"_jetpack_memberships_contains_paid_content":false,"footnotes":""},"categories":[5,1],"tags":[],"class_list":["post-177340","post","type-post","status-publish","format-standard","has-post-thumbnail","hentry","category-informacion-general","category-portada"],"jetpack_featured_media_url":"https:\/\/i0.wp.com\/cdnoticias.com\/wp-content\/uploads\/2023\/04\/obras-sanitarias-coopelectric-03.jpg?fit=800%2C445&ssl=1","jetpack_sharing_enabled":true,"_links":{"self":[{"href":"https:\/\/cdnoticias.com\/index.php\/wp-json\/wp\/v2\/posts\/177340","targetHints":{"allow":["GET"]}}],"collection":[{"href":"https:\/\/cdnoticias.com\/index.php\/wp-json\/wp\/v2\/posts"}],"about":[{"href":"https:\/\/cdnoticias.com\/index.php\/wp-json\/wp\/v2\/types\/post"}],"author":[{"embeddable":true,"href":"https:\/\/cdnoticias.com\/index.php\/wp-json\/wp\/v2\/users\/6"}],"replies":[{"embeddable":true,"href":"https:\/\/cdnoticias.com\/index.php\/wp-json\/wp\/v2\/comments?post=177340"}],"version-history":[{"count":0,"href":"https:\/\/cdnoticias.com\/index.php\/wp-json\/wp\/v2\/posts\/177340\/revisions"}],"wp:featuredmedia":[{"embeddable":true,"href":"https:\/\/cdnoticias.com\/index.php\/wp-json\/wp\/v2\/media\/83307"}],"wp:attachment":[{"href":"https:\/\/cdnoticias.com\/index.php\/wp-json\/wp\/v2\/media?parent=177340"}],"wp:term":[{"taxonomy":"category","embeddable":true,"href":"https:\/\/cdnoticias.com\/index.php\/wp-json\/wp\/v2\/categories?post=177340"},{"taxonomy":"post_tag","embeddable":true,"href":"https:\/\/cdnoticias.com\/index.php\/wp-json\/wp\/v2\/tags?post=177340"}],"curies":[{"name":"wp","href":"https:\/\/api.w.org\/{rel}","templated":true}]}}