{"id":177316,"date":"2025-07-21T09:45:53","date_gmt":"2025-07-21T12:45:53","guid":{"rendered":"https:\/\/cdnoticias.com\/?p=177316"},"modified":"2025-07-21T11:24:02","modified_gmt":"2025-07-21T14:24:02","slug":"tandil-un-joven-murio-tras-un-triple-choque-en-la-ruta-226","status":"publish","type":"post","link":"https:\/\/cdnoticias.com\/index.php\/2025\/07\/21\/tandil-un-joven-murio-tras-un-triple-choque-en-la-ruta-226\/","title":{"rendered":"Tandil: un joven muri\u00f3 tras un triple choque en la ruta 226"},"content":{"rendered":"<p>La v\u00edctima fatal, de 21 a\u00f1os, manejaba una camioneta. Estudiaba en la Facultad de Ingenier\u00eda de Olavarr\u00eda. El hecho de tr\u00e1nsito registr\u00f3 cuatro heridos.<!--more--><\/p>\n<hr \/>\n<p>Un <strong>joven de 21 a\u00f1os muri\u00f3<\/strong> y otras<strong> cuatro personas resultaron heridas<\/strong> como consecuencia de un tr\u00e1gico<strong> triple choque<\/strong> que involucr\u00f3 a <strong>dos camionetas y a un auto<\/strong> este domingo en la<strong> ruta 226, a la altura de Tandil.<\/strong><\/p>\n<p>El hecho se produjo en <strong>horas de la madrugada<\/strong> a la altura de \u201cLa Blanqueada\u201d, una zona donde ya se registraron otros accidentes viales de gravedad.<\/p>\n<p>El impacto inicial se produjo entre <strong>una Ford Ranger y la VW Saveiro<\/strong> que <strong>conduc\u00eda la v\u00edctima fatal<\/strong>. En ese sentido, el conductor del tercer veh\u00edculo, <strong>un VW Gol<\/strong>, dijo que \u201cse los encontr\u00f3\u201d en el medio de la ruta.<\/p>\n<blockquote><p>Tras el fuerte impacto, Iv\u00e1n Gonz\u00e1lez, oriundo de Tandil falleci\u00f3. El joven era estudiante de la Facultad de Ingenier\u00eda de la Unicen con sede en Olavarr\u00eda.<\/p><\/blockquote>\n<p>En tanto, <strong>Jerem\u00edas Aguilar Belsito<\/strong>, tambi\u00e9n de 21 a\u00f1os, y quien viajaba como acompa\u00f1ante de en la camioneta fue trasladado a un hospital local donde qued\u00f3 en observaci\u00f3n.<\/p>\n<p><strong>Ignacio Clemente<\/strong>, de 33 a\u00f1os y tambi\u00e9n residente en Tandil, estaba al volante de la Ranger y tambi\u00e9n tuvo que ser hospitalizado preventivamente.<\/p>\n<p>En el Gol, en tanto, circulaban<strong> Ger\u00f3nimo Zaffaroni<\/strong>, de 23 a\u00f1os, y <strong>Guadalupe Rapella Tamburella<\/strong>, de 21. El joven solo sufri\u00f3 heridas leves y durante la jornada recibi\u00f3 el alta, mientras que su acompa\u00f1ante sufri\u00f3 un trauma grave en la pelvis.<\/p>\n<p>Fuente: <em>Agencia DIB<\/em><br \/>\nFoto: <em>ABC Hoy<\/em><\/p>\n","protected":false},"excerpt":{"rendered":"<p>La v\u00edctima fatal, de 21 a\u00f1os, manejaba una camioneta. Estudiaba en la Facultad de Ingenier\u00eda de Olavarr\u00eda. El hecho de<\/p>\n","protected":false},"author":4,"featured_media":177317,"comment_status":"closed","ping_status":"closed","sticky":false,"template":"","format":"standard","meta":{"_jetpack_memberships_contains_paid_content":false,"footnotes":""},"categories":[14,1],"tags":[],"class_list":["post-177316","post","type-post","status-publish","format-standard","has-post-thumbnail","hentry","category-policiales","category-portada"],"jetpack_featured_media_url":"https:\/\/i0.wp.com\/cdnoticias.com\/wp-content\/uploads\/2025\/07\/ABCHOY-choque-tandil-ruta-226.jpg?fit=1000%2C557&ssl=1","jetpack_sharing_enabled":true,"_links":{"self":[{"href":"https:\/\/cdnoticias.com\/index.php\/wp-json\/wp\/v2\/posts\/177316","targetHints":{"allow":["GET"]}}],"collection":[{"href":"https:\/\/cdnoticias.com\/index.php\/wp-json\/wp\/v2\/posts"}],"about":[{"href":"https:\/\/cdnoticias.com\/index.php\/wp-json\/wp\/v2\/types\/post"}],"author":[{"embeddable":true,"href":"https:\/\/cdnoticias.com\/index.php\/wp-json\/wp\/v2\/users\/4"}],"replies":[{"embeddable":true,"href":"https:\/\/cdnoticias.com\/index.php\/wp-json\/wp\/v2\/comments?post=177316"}],"version-history":[{"count":0,"href":"https:\/\/cdnoticias.com\/index.php\/wp-json\/wp\/v2\/posts\/177316\/revisions"}],"wp:featuredmedia":[{"embeddable":true,"href":"https:\/\/cdnoticias.com\/index.php\/wp-json\/wp\/v2\/media\/177317"}],"wp:attachment":[{"href":"https:\/\/cdnoticias.com\/index.php\/wp-json\/wp\/v2\/media?parent=177316"}],"wp:term":[{"taxonomy":"category","embeddable":true,"href":"https:\/\/cdnoticias.com\/index.php\/wp-json\/wp\/v2\/categories?post=177316"},{"taxonomy":"post_tag","embeddable":true,"href":"https:\/\/cdnoticias.com\/index.php\/wp-json\/wp\/v2\/tags?post=177316"}],"curies":[{"name":"wp","href":"https:\/\/api.w.org\/{rel}","templated":true}]}}