{"id":177298,"date":"2025-07-21T08:21:33","date_gmt":"2025-07-21T11:21:33","guid":{"rendered":"https:\/\/cdnoticias.com\/?p=177298"},"modified":"2025-07-21T08:22:08","modified_gmt":"2025-07-21T11:22:08","slug":"blanca-zulema-zabala-q-e-p-d","status":"publish","type":"post","link":"https:\/\/cdnoticias.com\/index.php\/2025\/07\/21\/blanca-zulema-zabala-q-e-p-d\/","title":{"rendered":"Blanca Zulema Zabala (Q.E.P.D.)"},"content":{"rendered":"<p>Falleci\u00f3 en Olavarr\u00eda el 20 de julio de 2025 a los 73 a\u00f1os. <\/p>\n<p>Su esposo H\u00e9ctor Oscar Cabrera; sus hijos Leonardo, Ver\u00f3nica, Celeste y Yanina Cabrera; sus hijos pol\u00edticos Leonardo V\u00e1zquez y Guillermo Donadini; sus nietos Milagros, Thiago y Kimey V\u00e1zquez, Sof\u00eda Donadini; sus bisnietos Mateo y Benjam\u00edn y dem\u00e1s familiares participan su fallecimiento.<\/p>\n<p>Sus restos ser\u00e1n velados en la Sala de Espa\u00f1a 2942 departamento \u201cC\u201d a partir de las 7 horas e inhumados en el Cementerio Loma de Paz este lunes 21 de julio de 2025 a las 14:30 horas. Servicio adherido a Coopelectric.<\/p>\n<p>Nacida en Laprida, vecina de barrio Nicol\u00e1s Avellaneda.<\/p>\n","protected":false},"excerpt":{"rendered":"<p>Falleci\u00f3 en Olavarr\u00eda el 20 de julio de 2025 a los 73 a\u00f1os. Su esposo H\u00e9ctor Oscar Cabrera; sus hijos<\/p>\n","protected":false},"author":4,"featured_media":51544,"comment_status":"closed","ping_status":"closed","sticky":false,"template":"","format":"standard","meta":{"_jetpack_memberships_contains_paid_content":false,"footnotes":""},"categories":[10],"tags":[],"class_list":["post-177298","post","type-post","status-publish","format-standard","has-post-thumbnail","hentry","category-necrologicas"],"jetpack_featured_media_url":"https:\/\/i0.wp.com\/cdnoticias.com\/wp-content\/uploads\/2022\/04\/necrologicas-390-x-240.jpg?fit=390%2C240&ssl=1","jetpack_sharing_enabled":true,"_links":{"self":[{"href":"https:\/\/cdnoticias.com\/index.php\/wp-json\/wp\/v2\/posts\/177298","targetHints":{"allow":["GET"]}}],"collection":[{"href":"https:\/\/cdnoticias.com\/index.php\/wp-json\/wp\/v2\/posts"}],"about":[{"href":"https:\/\/cdnoticias.com\/index.php\/wp-json\/wp\/v2\/types\/post"}],"author":[{"embeddable":true,"href":"https:\/\/cdnoticias.com\/index.php\/wp-json\/wp\/v2\/users\/4"}],"replies":[{"embeddable":true,"href":"https:\/\/cdnoticias.com\/index.php\/wp-json\/wp\/v2\/comments?post=177298"}],"version-history":[{"count":0,"href":"https:\/\/cdnoticias.com\/index.php\/wp-json\/wp\/v2\/posts\/177298\/revisions"}],"wp:featuredmedia":[{"embeddable":true,"href":"https:\/\/cdnoticias.com\/index.php\/wp-json\/wp\/v2\/media\/51544"}],"wp:attachment":[{"href":"https:\/\/cdnoticias.com\/index.php\/wp-json\/wp\/v2\/media?parent=177298"}],"wp:term":[{"taxonomy":"category","embeddable":true,"href":"https:\/\/cdnoticias.com\/index.php\/wp-json\/wp\/v2\/categories?post=177298"},{"taxonomy":"post_tag","embeddable":true,"href":"https:\/\/cdnoticias.com\/index.php\/wp-json\/wp\/v2\/tags?post=177298"}],"curies":[{"name":"wp","href":"https:\/\/api.w.org\/{rel}","templated":true}]}}