{"id":177296,"date":"2025-07-21T08:18:21","date_gmt":"2025-07-21T11:18:21","guid":{"rendered":"https:\/\/cdnoticias.com\/?p=177296"},"modified":"2025-07-21T08:18:23","modified_gmt":"2025-07-21T11:18:23","slug":"ana-maria-siebenhaar-q-e-p-d","status":"publish","type":"post","link":"https:\/\/cdnoticias.com\/index.php\/2025\/07\/21\/ana-maria-siebenhaar-q-e-p-d\/","title":{"rendered":"Ana Maria Siebenhaar (Q.E.P.D.)"},"content":{"rendered":"<p>Falleci\u00f3 en Olavarr\u00eda el d\u00eda 20 de julio de 2025 a los 77 a\u00f1os de edad.<\/p>\n<p>Sus hijos:  Fabio, Rosana y Delia Gaitan; Silvana, Fabiana y Hugo Hurtado. Hijos pol\u00edticos, nietos, bisnietos y dem\u00e1s familiares  participan su fallecimiento. <\/p>\n<p>Velatorio: Espa\u00f1a 2942, Departamento &#8221; B &#8220;. La sala se habilita de 10 a 12 hs. Responso: sin responso. Crematorio: Crematorio Pinos de Paz, en d\u00eda a confirmar. Servicio adherido a Coopelectric.<\/p>\n<p>Vecina del B\u00ba El Danubio<\/p>\n<p>Lugar de nacimiento: Indio Rico<\/p>\n<p>Actividad que desarrollaba: jubilada y pensionada<\/p>\n","protected":false},"excerpt":{"rendered":"<p>Falleci\u00f3 en Olavarr\u00eda el d\u00eda 20 de julio de 2025 a los 77 a\u00f1os de edad. Sus hijos: Fabio, Rosana<\/p>\n","protected":false},"author":4,"featured_media":51544,"comment_status":"closed","ping_status":"closed","sticky":false,"template":"","format":"standard","meta":{"_jetpack_memberships_contains_paid_content":false,"footnotes":""},"categories":[10],"tags":[],"class_list":["post-177296","post","type-post","status-publish","format-standard","has-post-thumbnail","hentry","category-necrologicas"],"jetpack_featured_media_url":"https:\/\/i0.wp.com\/cdnoticias.com\/wp-content\/uploads\/2022\/04\/necrologicas-390-x-240.jpg?fit=390%2C240&ssl=1","jetpack_sharing_enabled":true,"_links":{"self":[{"href":"https:\/\/cdnoticias.com\/index.php\/wp-json\/wp\/v2\/posts\/177296","targetHints":{"allow":["GET"]}}],"collection":[{"href":"https:\/\/cdnoticias.com\/index.php\/wp-json\/wp\/v2\/posts"}],"about":[{"href":"https:\/\/cdnoticias.com\/index.php\/wp-json\/wp\/v2\/types\/post"}],"author":[{"embeddable":true,"href":"https:\/\/cdnoticias.com\/index.php\/wp-json\/wp\/v2\/users\/4"}],"replies":[{"embeddable":true,"href":"https:\/\/cdnoticias.com\/index.php\/wp-json\/wp\/v2\/comments?post=177296"}],"version-history":[{"count":0,"href":"https:\/\/cdnoticias.com\/index.php\/wp-json\/wp\/v2\/posts\/177296\/revisions"}],"wp:featuredmedia":[{"embeddable":true,"href":"https:\/\/cdnoticias.com\/index.php\/wp-json\/wp\/v2\/media\/51544"}],"wp:attachment":[{"href":"https:\/\/cdnoticias.com\/index.php\/wp-json\/wp\/v2\/media?parent=177296"}],"wp:term":[{"taxonomy":"category","embeddable":true,"href":"https:\/\/cdnoticias.com\/index.php\/wp-json\/wp\/v2\/categories?post=177296"},{"taxonomy":"post_tag","embeddable":true,"href":"https:\/\/cdnoticias.com\/index.php\/wp-json\/wp\/v2\/tags?post=177296"}],"curies":[{"name":"wp","href":"https:\/\/api.w.org\/{rel}","templated":true}]}}