{"id":177273,"date":"2025-07-20T14:10:43","date_gmt":"2025-07-20T17:10:43","guid":{"rendered":"https:\/\/cdnoticias.com\/?p=177273"},"modified":"2025-07-21T16:29:12","modified_gmt":"2025-07-21T19:29:12","slug":"un-motociclista-resulto-herido-en-un-accidente-3","status":"publish","type":"post","link":"https:\/\/cdnoticias.com\/index.php\/2025\/07\/20\/un-motociclista-resulto-herido-en-un-accidente-3\/","title":{"rendered":"Un motociclista result\u00f3 herido en un accidente"},"content":{"rendered":"\n<p>Fue este domingo en Rufino Fal y San Lorenzo. Chocaron una moto y un auto. La v\u00edctima fue trasladada al Hospital Municipal con una fractura en una pierna.<\/p>\n\n\n\n<hr class=\"wp-block-separator has-alpha-channel-opacity\"\/>\n\n\n\n<p>Este domingo se produjo un accidente en la intersecci\u00f3n de <strong>Rufino Fal y San Lorenzo.<\/strong><\/p>\n\n\n\n<p><\/p>\n\n\n\n<p>En el lugar chocaron una <strong>motocicleta marca Gilera Smash 110cc y un auto Citroen C4 <\/strong>conducido por un hombre de 54 a\u00f1os. Producto del impacto, <strong>el conductor de la moto cay\u00f3 al suelo y result\u00f3 herido.<\/strong><\/p>\n\n\n\n<p><\/p>\n\n\n\n<p>Seg\u00fan se indic\u00f3, el joven de 21 a\u00f1os fue atendido por personal de salud y<strong> trasladado en una ambulancia al Hospital Municipal \u201cDr. H\u00e9ctor Cura\u201d <\/strong>donde fue atendido por una<strong> fractura en la pierna derecha.<\/strong><\/p>\n\n\n\n<p><\/p>\n\n\n\n<p>La causa fue caratulada como <strong>\u201cLesiones culposas\u201d a cargo de la UFI N\u00b010.<\/strong><\/p>\n","protected":false},"excerpt":{"rendered":"<p>Fue este domingo en Rufino Fal y San Lorenzo. Chocaron una moto y un auto. La v\u00edctima fue trasladada al<\/p>\n","protected":false},"author":5,"featured_media":177274,"comment_status":"closed","ping_status":"closed","sticky":false,"template":"","format":"standard","meta":{"_jetpack_memberships_contains_paid_content":false,"footnotes":""},"categories":[14,1],"tags":[],"class_list":["post-177273","post","type-post","status-publish","format-standard","has-post-thumbnail","hentry","category-policiales","category-portada"],"jetpack_featured_media_url":"https:\/\/i0.wp.com\/cdnoticias.com\/wp-content\/uploads\/2025\/07\/accidente-fal-sanlorenzo.png?fit=800%2C445&ssl=1","jetpack_sharing_enabled":true,"_links":{"self":[{"href":"https:\/\/cdnoticias.com\/index.php\/wp-json\/wp\/v2\/posts\/177273","targetHints":{"allow":["GET"]}}],"collection":[{"href":"https:\/\/cdnoticias.com\/index.php\/wp-json\/wp\/v2\/posts"}],"about":[{"href":"https:\/\/cdnoticias.com\/index.php\/wp-json\/wp\/v2\/types\/post"}],"author":[{"embeddable":true,"href":"https:\/\/cdnoticias.com\/index.php\/wp-json\/wp\/v2\/users\/5"}],"replies":[{"embeddable":true,"href":"https:\/\/cdnoticias.com\/index.php\/wp-json\/wp\/v2\/comments?post=177273"}],"version-history":[{"count":0,"href":"https:\/\/cdnoticias.com\/index.php\/wp-json\/wp\/v2\/posts\/177273\/revisions"}],"wp:featuredmedia":[{"embeddable":true,"href":"https:\/\/cdnoticias.com\/index.php\/wp-json\/wp\/v2\/media\/177274"}],"wp:attachment":[{"href":"https:\/\/cdnoticias.com\/index.php\/wp-json\/wp\/v2\/media?parent=177273"}],"wp:term":[{"taxonomy":"category","embeddable":true,"href":"https:\/\/cdnoticias.com\/index.php\/wp-json\/wp\/v2\/categories?post=177273"},{"taxonomy":"post_tag","embeddable":true,"href":"https:\/\/cdnoticias.com\/index.php\/wp-json\/wp\/v2\/tags?post=177273"}],"curies":[{"name":"wp","href":"https:\/\/api.w.org\/{rel}","templated":true}]}}