{"id":177264,"date":"2025-07-20T10:04:37","date_gmt":"2025-07-20T13:04:37","guid":{"rendered":"https:\/\/cdnoticias.com\/?p=177264"},"modified":"2025-07-20T10:29:20","modified_gmt":"2025-07-20T13:29:20","slug":"olga-sonia-palleros-viuda-de-gorlero-q-e-p-d","status":"publish","type":"post","link":"https:\/\/cdnoticias.com\/index.php\/2025\/07\/20\/olga-sonia-palleros-viuda-de-gorlero-q-e-p-d\/","title":{"rendered":"Olga Sonia Palleros &#8220;Coca&#8221; viuda de Gorlero (Q.E.P.D.)"},"content":{"rendered":"\n<hr class=\"wp-block-separator has-alpha-channel-opacity\"\/>\n\n\n\n<p>Falleci\u00f3 en Olavarr\u00eda el d\u00eda 19 de julio de 2025 a los 81 a\u00f1os de edad. Sus hijos: Daniel, Marcelo, Julio y Orlando.<br>Sus nietos: Marcelo, Carolina, Damian, Enzo, Ivan, Nerina, Antonella, Valentina, Joaquina, Isabella, Tomas, Mili y dem\u00e1s familiares participan su fallecimiento. Madre de trillizos.<\/p>\n\n\n\n<p><\/p>\n\n\n\n<p>Sus restos son velados en Espa\u00f1a 2942, Departamento &#8221; C &#8220;. Finaliza a las16 hs. Ser\u00e1n inhumados en el Cementerio Loma de Paz este lunes a las 10:30, previo responso en la capilla ardiente. Vecina del B\u00ba Acupo 1. Nacida en Ca\u00f1uelas. Jubilada y pensionada. <\/p>\n\n\n\n<p><\/p>\n","protected":false},"excerpt":{"rendered":"<p>Falleci\u00f3 en Olavarr\u00eda el d\u00eda 19 de julio de 2025 a los 81 a\u00f1os de edad. Sus hijos: Daniel, Marcelo,<\/p>\n","protected":false},"author":5,"featured_media":100390,"comment_status":"closed","ping_status":"closed","sticky":false,"template":"","format":"standard","meta":{"_jetpack_memberships_contains_paid_content":false,"footnotes":""},"categories":[10],"tags":[],"class_list":["post-177264","post","type-post","status-publish","format-standard","has-post-thumbnail","hentry","category-necrologicas"],"jetpack_featured_media_url":"https:\/\/i0.wp.com\/cdnoticias.com\/wp-content\/uploads\/2023\/10\/necrologicas-390-x-240.jpg?fit=390%2C240&ssl=1","jetpack_sharing_enabled":true,"_links":{"self":[{"href":"https:\/\/cdnoticias.com\/index.php\/wp-json\/wp\/v2\/posts\/177264","targetHints":{"allow":["GET"]}}],"collection":[{"href":"https:\/\/cdnoticias.com\/index.php\/wp-json\/wp\/v2\/posts"}],"about":[{"href":"https:\/\/cdnoticias.com\/index.php\/wp-json\/wp\/v2\/types\/post"}],"author":[{"embeddable":true,"href":"https:\/\/cdnoticias.com\/index.php\/wp-json\/wp\/v2\/users\/5"}],"replies":[{"embeddable":true,"href":"https:\/\/cdnoticias.com\/index.php\/wp-json\/wp\/v2\/comments?post=177264"}],"version-history":[{"count":0,"href":"https:\/\/cdnoticias.com\/index.php\/wp-json\/wp\/v2\/posts\/177264\/revisions"}],"wp:featuredmedia":[{"embeddable":true,"href":"https:\/\/cdnoticias.com\/index.php\/wp-json\/wp\/v2\/media\/100390"}],"wp:attachment":[{"href":"https:\/\/cdnoticias.com\/index.php\/wp-json\/wp\/v2\/media?parent=177264"}],"wp:term":[{"taxonomy":"category","embeddable":true,"href":"https:\/\/cdnoticias.com\/index.php\/wp-json\/wp\/v2\/categories?post=177264"},{"taxonomy":"post_tag","embeddable":true,"href":"https:\/\/cdnoticias.com\/index.php\/wp-json\/wp\/v2\/tags?post=177264"}],"curies":[{"name":"wp","href":"https:\/\/api.w.org\/{rel}","templated":true}]}}