{"id":177256,"date":"2025-07-20T10:43:47","date_gmt":"2025-07-20T13:43:47","guid":{"rendered":"https:\/\/cdnoticias.com\/?p=177256"},"modified":"2025-07-20T10:43:49","modified_gmt":"2025-07-20T13:43:49","slug":"agustin-mestralet-candidato-a-concejal-del-frente-de-izquierda","status":"publish","type":"post","link":"https:\/\/cdnoticias.com\/index.php\/2025\/07\/20\/agustin-mestralet-candidato-a-concejal-del-frente-de-izquierda\/","title":{"rendered":"Agust\u00edn Mestralet, candidato a concejal del Frente de Izquierda"},"content":{"rendered":"\n<p>El dirigente encabezar\u00e1 la n\u00f3mina de un frente que englob\u00f3 a todos sus sectores internos. Yessica Almeida ser\u00e1 la segunda candidata y Theo Di N\u00e1pole Arce, primer candidato a consejero escolar.&nbsp;<\/p>\n\n\n\n<hr class=\"wp-block-separator aligncenter has-alpha-channel-opacity\"\/>\n\n\n\n<p>Sobre la noche de este s\u00e1bado, <strong>el Frente de Izquierda de los Trabajadores present\u00f3 la lista con la que competir\u00e1 en las elecciones del pr\u00f3ximo 7 de septiembre. Agust\u00edn Mestralet ser\u00e1 cabeza de lista secundado por Yessica Almeida, dirigentes reconocidos del espacio.<\/strong><\/p>\n\n\n\n<p>Se reconoci\u00f3 un \u201cbuen cierre\u201d e \u201cintegrador\u201d con los espacios que pertenecen al FIT.<strong> En la Secci\u00f3n, Daniel Emiliano Marin de 25 de Mayo ser\u00e1 el primer candidato a senador mientras que Anti Cort\u00e9s, de Olavarr\u00eda, ser\u00e1 la segunda en la n\u00f3mina de postulantes.<\/strong><\/p>\n\n\n\n<p>Las listas completas son las siguientes:&nbsp;&nbsp;<\/p>\n\n\n\n<p>SEPTIMA SECCI\u00d3N ELECTORAL<\/p>\n\n\n\n<p>SENADORES PROVINCIALES TITULARES<\/p>\n\n\n\n<p>1. Marin, Daniel Emiliano (25 de Mayo)<\/p>\n\n\n\n<p>2. Cort\u00e9s, Anti Malen (Olavarria)<\/p>\n\n\n\n<p>3. Petrungaro, Duilio Vicente<\/p>\n\n\n\n<p>OLAVARR\u00cdA<\/p>\n\n\n\n<p>CONCEJALES TITULARES<\/p>\n\n\n\n<p>1. Mestralet Szigety, Agustin<\/p>\n\n\n\n<p>2. Almeida Yessica, Yasmin<\/p>\n\n\n\n<p>3. Ripoll, Horacio Marcelo&nbsp;<\/p>\n\n\n\n<p>4. Caceres, Patricia Miriam<\/p>\n\n\n\n<p>5. Sorrente, Germ\u00e1n<\/p>\n\n\n\n<p>6. Lageyre, Paula<\/p>\n\n\n\n<p>7. Pavon Etchebehere, Augusto<\/p>\n\n\n\n<p>8. Lovese Ugarte, Mariela Cecilia<\/p>\n\n\n\n<p>9. Bonetto, Alberto N\u00e9stor<\/p>\n\n\n\n<p>10. Mu\u00f1oz Del Campo, Casandra<\/p>\n\n\n\n<p>CONSEJEROS ESCOLARES TITULARES<\/p>\n\n\n\n<p>1. Di Napoli Arce, Theo<\/p>\n\n\n\n<p>2. Rodriguez, Andrea<\/p>\n\n\n\n<p>3. Gil, Carlos<\/p>\n\n\n\n<p>4. Lo Valvo, Delfina<\/p>\n","protected":false},"excerpt":{"rendered":"<p>El dirigente encabezar\u00e1 la n\u00f3mina de un frente que englob\u00f3 a todos sus sectores internos. Yessica Almeida ser\u00e1 la segunda<\/p>\n","protected":false},"author":2,"featured_media":99308,"comment_status":"closed","ping_status":"closed","sticky":false,"template":"","format":"standard","meta":{"_jetpack_memberships_contains_paid_content":false,"footnotes":""},"categories":[4,1],"tags":[],"class_list":["post-177256","post","type-post","status-publish","format-standard","has-post-thumbnail","hentry","category-politica","category-portada"],"jetpack_featured_media_url":"https:\/\/i0.wp.com\/cdnoticias.com\/wp-content\/uploads\/2023\/10\/mestralet-agustin-01.jpg?fit=800%2C445&ssl=1","jetpack_sharing_enabled":true,"_links":{"self":[{"href":"https:\/\/cdnoticias.com\/index.php\/wp-json\/wp\/v2\/posts\/177256","targetHints":{"allow":["GET"]}}],"collection":[{"href":"https:\/\/cdnoticias.com\/index.php\/wp-json\/wp\/v2\/posts"}],"about":[{"href":"https:\/\/cdnoticias.com\/index.php\/wp-json\/wp\/v2\/types\/post"}],"author":[{"embeddable":true,"href":"https:\/\/cdnoticias.com\/index.php\/wp-json\/wp\/v2\/users\/2"}],"replies":[{"embeddable":true,"href":"https:\/\/cdnoticias.com\/index.php\/wp-json\/wp\/v2\/comments?post=177256"}],"version-history":[{"count":0,"href":"https:\/\/cdnoticias.com\/index.php\/wp-json\/wp\/v2\/posts\/177256\/revisions"}],"wp:featuredmedia":[{"embeddable":true,"href":"https:\/\/cdnoticias.com\/index.php\/wp-json\/wp\/v2\/media\/99308"}],"wp:attachment":[{"href":"https:\/\/cdnoticias.com\/index.php\/wp-json\/wp\/v2\/media?parent=177256"}],"wp:term":[{"taxonomy":"category","embeddable":true,"href":"https:\/\/cdnoticias.com\/index.php\/wp-json\/wp\/v2\/categories?post=177256"},{"taxonomy":"post_tag","embeddable":true,"href":"https:\/\/cdnoticias.com\/index.php\/wp-json\/wp\/v2\/tags?post=177256"}],"curies":[{"name":"wp","href":"https:\/\/api.w.org\/{rel}","templated":true}]}}