{"id":177254,"date":"2025-07-21T08:26:41","date_gmt":"2025-07-21T11:26:41","guid":{"rendered":"https:\/\/cdnoticias.com\/?p=177254"},"modified":"2025-07-21T08:26:43","modified_gmt":"2025-07-21T11:26:43","slug":"alianza-union-liberal-presento-lista-en-olavarria","status":"publish","type":"post","link":"https:\/\/cdnoticias.com\/index.php\/2025\/07\/21\/alianza-union-liberal-presento-lista-en-olavarria\/","title":{"rendered":"Alianza Uni\u00f3n Liberal present\u00f3 lista en Olavarr\u00eda"},"content":{"rendered":"\n<p>Se trata del espacio de la Ex-UCeDe de la Provincia. El primer candidato a concejal ser\u00e1 Sergio Romero.<\/p>\n\n\n\n<hr class=\"wp-block-separator aligncenter has-alpha-channel-opacity\"\/>\n\n\n\n<p>Este s\u00e1bado, y tras una pol\u00e9mica por la desaprobaci\u00f3n del nombre \u201cAlianza Avanza Libertad\u201d <strong>el espacio de la Ex-UCeDe de la Provincia de Buenos Aires present\u00f3 lista dentro de lo que se denominar\u00e1 Alianza Uni\u00f3n Liberal.<\/strong><\/p>\n\n\n\n<p>Las listas fueron presentadas en tiempo y forma en La Plata pero <em>\u201cseguimos esperando la aprobaci\u00f3n final de la Junta Electoral de la Provincia\u201d <\/em>explicaron a Central de Noticias.<\/p>\n\n\n\n<p>Los <strong>primeros candidatos de las listas son oriundos de Loma Negra<\/strong>, lo que \u201cmuestra la gran presencia de las localidades en el espacio\u201d.<\/p>\n\n\n\n<p>El <strong>primer candidato a concejal ser\u00e1 Sergio Romero mientras que Guillermo Machado encabezar\u00e1 la n\u00f3mina de candidatos a consejeros escolares.<\/strong><\/p>\n\n\n\n<p>Se trata de<em><strong> \u201cpersonas vecinas y de trabajo\u201d<\/strong><\/em> que buscar\u00e1n competir en las elecciones del pr\u00f3ximo 7 de septiembre.\u00a0<\/p>\n","protected":false},"excerpt":{"rendered":"<p>Se trata del espacio de la Ex-UCeDe de la Provincia. El primer candidato a concejal ser\u00e1 Sergio Romero. Este s\u00e1bado,<\/p>\n","protected":false},"author":2,"featured_media":171607,"comment_status":"closed","ping_status":"closed","sticky":false,"template":"","format":"standard","meta":{"_jetpack_memberships_contains_paid_content":false,"footnotes":""},"categories":[4,1],"tags":[],"class_list":["post-177254","post","type-post","status-publish","format-standard","has-post-thumbnail","hentry","category-politica","category-portada"],"jetpack_featured_media_url":"https:\/\/i0.wp.com\/cdnoticias.com\/wp-content\/uploads\/2025\/05\/DIB-urnas-elecciones.jpeg?fit=630%2C420&ssl=1","jetpack_sharing_enabled":true,"_links":{"self":[{"href":"https:\/\/cdnoticias.com\/index.php\/wp-json\/wp\/v2\/posts\/177254","targetHints":{"allow":["GET"]}}],"collection":[{"href":"https:\/\/cdnoticias.com\/index.php\/wp-json\/wp\/v2\/posts"}],"about":[{"href":"https:\/\/cdnoticias.com\/index.php\/wp-json\/wp\/v2\/types\/post"}],"author":[{"embeddable":true,"href":"https:\/\/cdnoticias.com\/index.php\/wp-json\/wp\/v2\/users\/2"}],"replies":[{"embeddable":true,"href":"https:\/\/cdnoticias.com\/index.php\/wp-json\/wp\/v2\/comments?post=177254"}],"version-history":[{"count":0,"href":"https:\/\/cdnoticias.com\/index.php\/wp-json\/wp\/v2\/posts\/177254\/revisions"}],"wp:featuredmedia":[{"embeddable":true,"href":"https:\/\/cdnoticias.com\/index.php\/wp-json\/wp\/v2\/media\/171607"}],"wp:attachment":[{"href":"https:\/\/cdnoticias.com\/index.php\/wp-json\/wp\/v2\/media?parent=177254"}],"wp:term":[{"taxonomy":"category","embeddable":true,"href":"https:\/\/cdnoticias.com\/index.php\/wp-json\/wp\/v2\/categories?post=177254"},{"taxonomy":"post_tag","embeddable":true,"href":"https:\/\/cdnoticias.com\/index.php\/wp-json\/wp\/v2\/tags?post=177254"}],"curies":[{"name":"wp","href":"https:\/\/api.w.org\/{rel}","templated":true}]}}