{"id":177250,"date":"2025-07-19T22:21:43","date_gmt":"2025-07-20T01:21:43","guid":{"rendered":"https:\/\/cdnoticias.com\/?p=177250"},"modified":"2025-07-20T12:09:11","modified_gmt":"2025-07-20T15:09:11","slug":"celeste-arouxet-y-ezequiel-galli-seran-candidatos-a-senadores-por-la-libertad-avanza","status":"publish","type":"post","link":"https:\/\/cdnoticias.com\/index.php\/2025\/07\/19\/celeste-arouxet-y-ezequiel-galli-seran-candidatos-a-senadores-por-la-libertad-avanza\/","title":{"rendered":"Celeste Arouxet y Ezequiel Galli ser\u00e1n candidatos a senadores por La Libertad Avanza"},"content":{"rendered":"<p>El dato se confirm\u00f3 en la noche de este s\u00e1bado. Ocupar\u00e1n el lugar 2 y 3 de la n\u00f3mina que encabezar\u00e1 Alejandro Speroni.<!--more--><\/p>\n<hr \/>\n<p>El cierre de listas trajo varias novedades para Olavarr\u00eda: en el <strong>Frente La Libertad Avanza<\/strong>, <strong>Celeste Arouxet y Ezequiel Galli<\/strong> ser\u00e1n <strong>candidatos a senadores provinciales<\/strong>.<\/p>\n<p>\u00a0<\/p>\n<p>La novedad se confirm\u00f3 en horas de la noche cuando<strong> los dos dirigentes olavarrienses firmaron en la n\u00f3mina de la alianza<\/strong> entre libertarios y el PRO.<\/p>\n<p>\u00a0<\/p>\n<p>La lista estar\u00e1<strong> encabezada por Alejandro Speroni<\/strong>, dirigente de Tapalqu\u00e9 y coordinador seccional de La Libertad Avanza.<\/p>\n<p>\u00a0<\/p>\n<p>Galli y Arouxet fueron dos de los principales referentes (uno es ex intendente y Arouxet es concejal en uso de licencia y candidata a intendente en 2023) que generaron el acuerdo entre el PRO y LLA en Olavarr\u00eda, que se ratific\u00f3 con el armado y cierre de la lista local.<\/p>\n\n\n<p><\/p>\n","protected":false},"excerpt":{"rendered":"<p>El dato se confirm\u00f3 en la noche de este s\u00e1bado. Ocupar\u00e1n el lugar 2 y 3 de la n\u00f3mina que<\/p>\n","protected":false},"author":4,"featured_media":177252,"comment_status":"closed","ping_status":"closed","sticky":false,"template":"","format":"standard","meta":{"_jetpack_memberships_contains_paid_content":false,"footnotes":""},"categories":[4,1],"tags":[],"class_list":["post-177250","post","type-post","status-publish","format-standard","has-post-thumbnail","hentry","category-politica","category-portada"],"jetpack_featured_media_url":"https:\/\/i0.wp.com\/cdnoticias.com\/wp-content\/uploads\/2025\/07\/celeste-arouxet-ezequiel-galli.jpg?fit=800%2C445&ssl=1","jetpack_sharing_enabled":true,"_links":{"self":[{"href":"https:\/\/cdnoticias.com\/index.php\/wp-json\/wp\/v2\/posts\/177250","targetHints":{"allow":["GET"]}}],"collection":[{"href":"https:\/\/cdnoticias.com\/index.php\/wp-json\/wp\/v2\/posts"}],"about":[{"href":"https:\/\/cdnoticias.com\/index.php\/wp-json\/wp\/v2\/types\/post"}],"author":[{"embeddable":true,"href":"https:\/\/cdnoticias.com\/index.php\/wp-json\/wp\/v2\/users\/4"}],"replies":[{"embeddable":true,"href":"https:\/\/cdnoticias.com\/index.php\/wp-json\/wp\/v2\/comments?post=177250"}],"version-history":[{"count":0,"href":"https:\/\/cdnoticias.com\/index.php\/wp-json\/wp\/v2\/posts\/177250\/revisions"}],"wp:featuredmedia":[{"embeddable":true,"href":"https:\/\/cdnoticias.com\/index.php\/wp-json\/wp\/v2\/media\/177252"}],"wp:attachment":[{"href":"https:\/\/cdnoticias.com\/index.php\/wp-json\/wp\/v2\/media?parent=177250"}],"wp:term":[{"taxonomy":"category","embeddable":true,"href":"https:\/\/cdnoticias.com\/index.php\/wp-json\/wp\/v2\/categories?post=177250"},{"taxonomy":"post_tag","embeddable":true,"href":"https:\/\/cdnoticias.com\/index.php\/wp-json\/wp\/v2\/tags?post=177250"}],"curies":[{"name":"wp","href":"https:\/\/api.w.org\/{rel}","templated":true}]}}